{"id":380208,"date":"2025-09-10T12:08:10","date_gmt":"2025-09-10T12:08:10","guid":{"rendered":"https:\/\/www.europesays.com\/fr\/380208\/"},"modified":"2025-09-10T12:08:10","modified_gmt":"2025-09-10T12:08:10","slug":"us-open-brad-gilbert-ce-qua-fait-djokovic-depuis-roland-garros-je-ne-sais-pas-si-quelquun-lavait-deja-fait-auparavant","status":"publish","type":"post","link":"https:\/\/www.europesays.com\/fr\/380208\/","title":{"rendered":"US Open > Brad Gilbert : \u00ab\u00a0Ce qu&rsquo;a fait Djokovic depuis Roland-Garros, je ne sais pas si quelqu&rsquo;un l&rsquo;avait d\u00e9j\u00e0 fait auparavant\u00a0\u00bb"},"content":{"rendered":"<p>Lors d\u2019une discus\u00adsion avec Andy Roddick, relay\u00e9e par <a href=\"https:\/\/tennisuptodate.com\/atp\/i-dont-recall-any-player-brad-gilbert-highlights-novak-djokovics-amazing-trait?twit=161\" data-wpel-link=\"external\" target=\"_blank\" rel=\"nofollow external noopener\">Tennis Uptodate<\/a>, le c\u00e9l\u00e8bre coach am\u00e9ri\u00adcain Brad Gilbert (ex\u20104e mondial) a \u00e9voqu\u00e9 le parcours de Novak Djokovic, battu en demi\u2010finales de l\u2019US Open par Carlos Alcaraz.<\/p>\n<p><strong>\u00ab\u202fJe pense qu\u2019il a demand\u00e9 un temps mort pour bles\u00adsure lors de trois de ses quatre premiers matchs et qu\u2019il s\u2019est am\u00e9lior\u00e9. Ce qui est encore plus \u00e9ton\u00adnant, c\u2019est qu\u2019il ne joue plus que les tour\u00adnois majeurs. Il vient de disputer Roland\u2010Garros, Wimbledon et l\u2019US Open sans jouer aucun autre tournoi. Je ne me souviens d\u2019aucun joueur ayant fait \u00e7a. Je ne sais pas si un homme ou une femme a d\u00e9j\u00e0 disput\u00e9 trois tour\u00adnois majeurs cons\u00e9cutifs.\u202f\u00bb<\/strong><\/p>\n<p class=\"post-published-date\" style=\"color: silver; font-size: 75%; text-align: left;\">Publi\u00e9 le mercredi 10 septembre 2025 \u00e0 12:43<\/p>\n","protected":false},"excerpt":{"rendered":"Lors d\u2019une discus\u00adsion avec Andy Roddick, relay\u00e9e par Tennis Uptodate, le c\u00e9l\u00e8bre coach am\u00e9ri\u00adcain Brad Gilbert (ex\u20104e mondial)&hellip;\n","protected":false},"author":2,"featured_media":373440,"comment_status":"","ping_status":"","sticky":false,"template":"","format":"standard","meta":{"footnotes":""},"categories":[1415],"tags":[1744,105,1011,27,60,1467],"class_list":{"0":"post-380208","1":"post","2":"type-post","3":"status-publish","4":"format-standard","5":"has-post-thumbnail","7":"category-tennis","8":"tag-alcaraz","9":"tag-djokovic","10":"tag-fr","11":"tag-france","12":"tag-sports","13":"tag-tennis"},"share_on_mastodon":{"url":"https:\/\/pubeurope.com\/@fr\/115179926489456166","error":""},"_links":{"self":[{"href":"https:\/\/www.europesays.com\/fr\/wp-json\/wp\/v2\/posts\/380208","targetHints":{"allow":["GET"]}}],"collection":[{"href":"https:\/\/www.europesays.com\/fr\/wp-json\/wp\/v2\/posts"}],"about":[{"href":"https:\/\/www.europesays.com\/fr\/wp-json\/wp\/v2\/types\/post"}],"author":[{"embeddable":true,"href":"https:\/\/www.europesays.com\/fr\/wp-json\/wp\/v2\/users\/2"}],"replies":[{"embeddable":true,"href":"https:\/\/www.europesays.com\/fr\/wp-json\/wp\/v2\/comments?post=380208"}],"version-history":[{"count":0,"href":"https:\/\/www.europesays.com\/fr\/wp-json\/wp\/v2\/posts\/380208\/revisions"}],"wp:featuredmedia":[{"embeddable":true,"href":"https:\/\/www.europesays.com\/fr\/wp-json\/wp\/v2\/media\/373440"}],"wp:attachment":[{"href":"https:\/\/www.europesays.com\/fr\/wp-json\/wp\/v2\/media?parent=380208"}],"wp:term":[{"taxonomy":"category","embeddable":true,"href":"https:\/\/www.europesays.com\/fr\/wp-json\/wp\/v2\/categories?post=380208"},{"taxonomy":"post_tag","embeddable":true,"href":"https:\/\/www.europesays.com\/fr\/wp-json\/wp\/v2\/tags?post=380208"}],"curies":[{"name":"wp","href":"https:\/\/api.w.org\/{rel}","templated":true}]}}