{"id":380209,"date":"2025-09-10T12:10:09","date_gmt":"2025-09-10T12:10:09","guid":{"rendered":"https:\/\/www.europesays.com\/fr\/380209\/"},"modified":"2025-09-10T12:10:09","modified_gmt":"2025-09-10T12:10:09","slug":"nakagami-au-depart-du-gp-du-japon-avec-honda","status":"publish","type":"post","link":"https:\/\/www.europesays.com\/fr\/380209\/","title":{"rendered":"Nakagami au d\u00e9part du GP du Japon avec Honda"},"content":{"rendered":"<p>Si l&rsquo;\u00e9t\u00e9 a \u00e9t\u00e9 mouvement\u00e9 et surtout \u00e9prouvant pour les pilotes du giron Honda, les effectifs se remplument du c\u00f4t\u00e9 du constructeur japonais. Apr\u00e8s la wild-card attribu\u00e9e \u00e0\u00a0<a href=\"https:\/\/fr.motorsport.com\/driver\/aleix-espargaro\/90382\/\" target=\"_blank\" rel=\"noopener nofollow\">Aleix Espargar\u00f3<\/a> \u00e0 Barcelone le week-end dernier, c&rsquo;est <a href=\"https:\/\/fr.motorsport.com\/driver\/takaaki-nakagami\/109418\/\" target=\"_blank\" rel=\"noopener nofollow\">Takaaki Nakagami<\/a> qui aura la sienne \u00e0 la fin du mois. Le pilote nippon roulera ainsi devant son public sur le circuit de Motegi, <a href=\"https:\/\/fr.motorsport.com\/motogp\/schedule\/2025\/?event_types%5B%5D=race\" target=\"_self\" rel=\"noopener nofollow\">lors du Grand Prix du Japon<\/a>.\u00a0<\/p>\n<p>Le pilote de 33 ans retrouvera le guidon d&rsquo;une Honda\u00a0RC213V pr\u00e9par\u00e9e par le HRC, et il s&rsquo;agira de sa quatri\u00e8me apparition en Grand Prix cette ann\u00e9e. La premi\u00e8re remonte au Grand Prix de France, en mai dernier. Dans les conditions dantesques et chaotiques de l&rsquo;\u00e9preuve, il en avait profit\u00e9 pour s&rsquo;offrir <a href=\"https:\/\/fr.motorsport.com\/motogp\/news\/zarco-nakagami-minute-meme-strategie\/10722560\/\" target=\"_self\" rel=\"noopener nofollow\">une inesp\u00e9r\u00e9e sixi\u00e8me place<\/a> et inscrire dix points, qui le font encore figurer aujourd&rsquo;hui <a href=\"https:\/\/fr.motorsport.com\/motogp\/standings\/2025\/\" target=\"_self\" rel=\"noopener nofollow\">\u00e0 la 23e place du championnat<\/a>.<\/p>\n<p>En juin, il avait particip\u00e9 au Grand Prix d&rsquo;Italie sur le Mugello, o\u00f9 il avait remplac\u00e9 <a href=\"https:\/\/fr.motorsport.com\/driver\/luca-marini\/201098\/\" target=\"_blank\" rel=\"noopener nofollow\">Luca Marini<\/a>, convalescent, et avait termin\u00e9 \u00e0 la porte des points, 16e. Puis, en juillet, il \u00e9tait engag\u00e9 au Grand Prix de R\u00e9publique tch\u00e8que, \u00e0 Brno. Il avait toutefois d\u00fb renoncer apr\u00e8s le sprint du samedi, victime d&rsquo;une\u00a0d\u00e9chirure du ligament crois\u00e9 post\u00e9rieur au genou droit apr\u00e8s un choc avec\u00a0<a href=\"https:\/\/fr.motorsport.com\/driver\/augusto-fernandez\/452210\/\" target=\"_blank\" rel=\"noopener nofollow\">Augusto Fern\u00e1ndez<\/a>.<\/p>\n<p>C&rsquo;est cette blessure qui a ensuite priv\u00e9\u00a0Takaaki Nakagami de piges suppl\u00e9mentaires, sans quoi il aurait d\u00fb assurer le remplacement de <a href=\"https:\/\/fr.motorsport.com\/driver\/somkiat-chantra\/823104\/\" target=\"_blank\" rel=\"noopener nofollow\">Somkiat Chantra<\/a> chez LCR, aux c\u00f4t\u00e9s de <a href=\"https:\/\/fr.motorsport.com\/driver\/johann-zarco\/96107\/\" target=\"_blank\" rel=\"noopener nofollow\">Johann Zarco<\/a>.\u00a0Les p\u00e9pins physiques \u00e9tant d\u00e9sormais derri\u00e8re lui, il va pouvoir renouer avec la comp\u00e9tition.\u00a0<\/p>\n<p>Dans cet article<\/p>\n<p>Soyez le premier inform\u00e9 et souscrivez aux alertes mails pour recevoir les infos en temps r\u00e9el<\/p>\n<p>    S&rsquo;abonner aux alertes de news<\/p>\n","protected":false},"excerpt":{"rendered":"Si l&rsquo;\u00e9t\u00e9 a \u00e9t\u00e9 mouvement\u00e9 et surtout \u00e9prouvant pour les pilotes du giron Honda, les effectifs se remplument&hellip;\n","protected":false},"author":2,"featured_media":380210,"comment_status":"","ping_status":"","sticky":false,"template":"","format":"standard","meta":{"footnotes":""},"categories":[1413],"tags":[1011,27,1581,3345,1457,1456,1458,51358,60,15544,51359],"class_list":{"0":"post-380209","1":"post","2":"type-post","3":"status-publish","4":"format-standard","5":"has-post-thumbnail","7":"category-moto","8":"tag-fr","9":"tag-france","10":"tag-gp-du-japon","11":"tag-honda-hrc","12":"tag-moto","13":"tag-motocycle","14":"tag-motogp","15":"tag-nakagami-au-du00e9part-du-gp-du-japon-avec-honda","16":"tag-sports","17":"tag-takaaki-nakagami","18":"tag-twin-ring-motegi"},"share_on_mastodon":{"url":"https:\/\/pubeurope.com\/@fr\/115179934456566366","error":""},"_links":{"self":[{"href":"https:\/\/www.europesays.com\/fr\/wp-json\/wp\/v2\/posts\/380209","targetHints":{"allow":["GET"]}}],"collection":[{"href":"https:\/\/www.europesays.com\/fr\/wp-json\/wp\/v2\/posts"}],"about":[{"href":"https:\/\/www.europesays.com\/fr\/wp-json\/wp\/v2\/types\/post"}],"author":[{"embeddable":true,"href":"https:\/\/www.europesays.com\/fr\/wp-json\/wp\/v2\/users\/2"}],"replies":[{"embeddable":true,"href":"https:\/\/www.europesays.com\/fr\/wp-json\/wp\/v2\/comments?post=380209"}],"version-history":[{"count":0,"href":"https:\/\/www.europesays.com\/fr\/wp-json\/wp\/v2\/posts\/380209\/revisions"}],"wp:featuredmedia":[{"embeddable":true,"href":"https:\/\/www.europesays.com\/fr\/wp-json\/wp\/v2\/media\/380210"}],"wp:attachment":[{"href":"https:\/\/www.europesays.com\/fr\/wp-json\/wp\/v2\/media?parent=380209"}],"wp:term":[{"taxonomy":"category","embeddable":true,"href":"https:\/\/www.europesays.com\/fr\/wp-json\/wp\/v2\/categories?post=380209"},{"taxonomy":"post_tag","embeddable":true,"href":"https:\/\/www.europesays.com\/fr\/wp-json\/wp\/v2\/tags?post=380209"}],"curies":[{"name":"wp","href":"https:\/\/api.w.org\/{rel}","templated":true}]}}