{"id":380211,"date":"2025-09-10T12:11:16","date_gmt":"2025-09-10T12:11:16","guid":{"rendered":"https:\/\/www.europesays.com\/fr\/380211\/"},"modified":"2025-09-10T12:11:16","modified_gmt":"2025-09-10T12:11:16","slug":"il-ny-avait-que-lom-dans-ma-tete-les-premiers-mots-de-pavard-a-marseille","status":"publish","type":"post","link":"https:\/\/www.europesays.com\/fr\/380211\/","title":{"rendered":"\u00abIl n\u2019y avait que l\u2019OM dans ma t\u00eate\u00bb, les premiers mots de Pavard \u00e0 Marseille"},"content":{"rendered":"<p>\u00c0 peine arriv\u00e9e \u00e0 Marseille, la recrue star de l\u2019OM a avou\u00e9 son impatience.<\/p>\n<p class=\"fig-paragraph\">Le transfert avait\u00a0<a href=\"http:\/\/www.lefigaro.fr\/sports\/football\/equipe-de-france\/pourquoi-benjamin-pavard-a-dit-oui-a-l-om-20250902\" data-fig-type=\"Article\" data-gtm-custom-categorie=\"navigation\" data-gtm-custom-action=\"crossclick\" data-gtm-custom-label=\"Contextuel\" data-gtm-event=\"customEventSPE\" data-fig-domain=\"LEFIGARO\" target=\"_blank\" rel=\"noopener\">anim\u00e9 le rassemblement des Bleus<\/a>. Benjamin Pavard, apr\u00e8s Lille, Stuttgart, le Bayern Munich et l\u2019Inter Milan allait d\u00e9couvrir un nouveau club. Direction Marseille pour le d\u00e9fenseur central (55 s\u00e9lections ; 5 buts).<\/p>\n<p class=\"fig-paragraph\">Arriv\u00e9 ce mercredi \u00e0 Marseille, le champion du monde (29 ans) a r\u00e9sum\u00e9 dans\u00a0<a href=\"https:\/\/www.laprovence.com\/article\/om\/95495867902044\/om-benjamin-pavard-derniere-recrue-olympienne-est-arrive-a-marseille\" target=\"_blank\" rel=\"sponsored noopener\" data-gtm-custom-categorie=\"navigation\" data-gtm-custom-action=\"crossclick\" data-gtm-custom-label=\"Contextuel\" data-gtm-event=\"customEventSPE\">La Provence\u00a0<\/a>: \u00ab Je suis tr\u00e8s fier de rejoindre l\u2019OM, un club aussi prestigieux, j\u2019ai h\u00e2te d\u2019\u00eatre vendredi au Vel\u2019 et de sentir cette ferveur. J\u2019esp\u00e8re y vivre de belles \u00e9motions, j\u2019ai d\u00e9j\u00e0 jou\u00e9 au V\u00e9lodrome avec Lille \u00e0 l\u2019\u00e9poque, c\u2019\u00e9tait une ambiance incroyable. J\u2019ai h\u00e2te de d\u00e9marrer vendredi contre Lorient (ouverture de la 4e journ\u00e9e de Ligue 1). Il n\u2019y avait que l\u2019OM dans ma t\u00eate, je ne voulais que l\u2019OM. Avec Medhi (Benatia) on a eu une bonne discussion. Je suis tr\u00e8s heureux de rejoindre ce groupe de qualit\u00e9. J\u2019esp\u00e8re que l\u2019on va faire de belles choses cette saison.\u00a0\u00bb<\/p>\n<p>                                    <a class=\"fig-a11y-skip a11y-hidden\" href=\"#fig-a11y-skip-main-inarticle\"><br \/>\n        Passer la publicit\u00e9<br \/>\n    <\/a><\/p>\n<p class=\"fig-paragraph\">Benjamin Pavard qui doit participer \u00e0 son premier entra\u00eenement ce mercredi sous les ordres de Roberto De Zerbi a, par la faute du calendrier, \u00e9t\u00e9 une accueilli par \u00abune \u00e9trange qui\u00e9tude ce mercredi midi (au grand dam de l\u2019OM qui imaginait et r\u00e9clamait plus d\u2019effervescence) (&#8230;) La fin des vacances scolaires (et professionnelles) conjugu\u00e9e au mouvement social \u00ab\u00a0Bloquons tout\u00a0\u00bb, qui a encourag\u00e9 la police nationale \u00e0 filtrer les arriv\u00e9es quelques kilom\u00e8tres plus bas, au rond-point du Terminal 2, a frein\u00e9 les ardeurs des supporters marseillais\u00a0\u00bb, raconte La Provence.<\/p>\n","protected":false},"excerpt":{"rendered":"\u00c0 peine arriv\u00e9e \u00e0 Marseille, la recrue star de l\u2019OM a avou\u00e9 son impatience. Le transfert avait\u00a0anim\u00e9 le&hellip;\n","protected":false},"author":2,"featured_media":380212,"comment_status":"","ping_status":"","sticky":false,"template":"","format":"standard","meta":{"footnotes":""},"categories":[1412],"tags":[525,1981,814,1451,2257,63,1452,1453,1454,1455,1011,27,3309,66,1307,955,1176,978,93,1980,60],"class_list":{"0":"post-380211","1":"post","2":"type-post","3":"status-publish","4":"format-standard","5":"has-post-thumbnail","7":"category-f1","8":"tag-calendrier","9":"tag-classement","10":"tag-direct","11":"tag-f1","12":"tag-foot","13":"tag-football","14":"tag-formula-1","15":"tag-formula1","16":"tag-formule-1","17":"tag-formule1","18":"tag-fr","19":"tag-france","20":"tag-l1","21":"tag-ligue-1","22":"tag-lille","23":"tag-match","24":"tag-olympique-de-marseille","25":"tag-olympique-lyonnais","26":"tag-psg","27":"tag-resultats","28":"tag-sports"},"share_on_mastodon":{"url":"https:\/\/pubeurope.com\/@fr\/115179938368154193","error":""},"_links":{"self":[{"href":"https:\/\/www.europesays.com\/fr\/wp-json\/wp\/v2\/posts\/380211","targetHints":{"allow":["GET"]}}],"collection":[{"href":"https:\/\/www.europesays.com\/fr\/wp-json\/wp\/v2\/posts"}],"about":[{"href":"https:\/\/www.europesays.com\/fr\/wp-json\/wp\/v2\/types\/post"}],"author":[{"embeddable":true,"href":"https:\/\/www.europesays.com\/fr\/wp-json\/wp\/v2\/users\/2"}],"replies":[{"embeddable":true,"href":"https:\/\/www.europesays.com\/fr\/wp-json\/wp\/v2\/comments?post=380211"}],"version-history":[{"count":0,"href":"https:\/\/www.europesays.com\/fr\/wp-json\/wp\/v2\/posts\/380211\/revisions"}],"wp:featuredmedia":[{"embeddable":true,"href":"https:\/\/www.europesays.com\/fr\/wp-json\/wp\/v2\/media\/380212"}],"wp:attachment":[{"href":"https:\/\/www.europesays.com\/fr\/wp-json\/wp\/v2\/media?parent=380211"}],"wp:term":[{"taxonomy":"category","embeddable":true,"href":"https:\/\/www.europesays.com\/fr\/wp-json\/wp\/v2\/categories?post=380211"},{"taxonomy":"post_tag","embeddable":true,"href":"https:\/\/www.europesays.com\/fr\/wp-json\/wp\/v2\/tags?post=380211"}],"curies":[{"name":"wp","href":"https:\/\/api.w.org\/{rel}","templated":true}]}}