{"id":380213,"date":"2025-09-10T12:12:12","date_gmt":"2025-09-10T12:12:12","guid":{"rendered":"https:\/\/www.europesays.com\/fr\/380213\/"},"modified":"2025-09-10T12:12:12","modified_gmt":"2025-09-10T12:12:12","slug":"cyclisme-tour-de-lardeche-feminin","status":"publish","type":"post","link":"https:\/\/www.europesays.com\/fr\/380213\/","title":{"rendered":"Cyclisme. Tour de l\u2019Ard\u00e8che f\u00e9minin"},"content":{"rendered":"<p>Si les manifestations pro-Palestine font beaucoup parler de l&rsquo;autre c\u00f4t\u00e9 de la fronti\u00e8re et perturbent grandement le d\u00e9roulement de <strong>La Vuelta 2025<\/strong>, un autre mouvement d&rsquo;envergure impacte \u00e9galement la France ce mercredi 10 septembre\u00a0: le mouvement de protestation \u00ab\u00a0Bloquons tout\u00a0\u00bb ! Une forte mobilisation pour bloquer le pays \u00e0 travers toute la France qui n&rsquo;\u00e9pargne pas les d\u00e9partements de la Dr\u00f4me et l&rsquo;Ard\u00e8che, dans lesquels se d\u00e9roulent le\u00a0<strong><a href=\"https:\/\/www.cyclismactu.net\/..\/news-tour-de-l-ardeche-feminin-route-lotte-kopecky-1ere-etape-maeva-squiban-top-10-90055.html\" target=\"_blank\" rel=\"nofollow noopener\">Tour Cycliste F\u00e9minin International de l\u2019Ard\u00e8che<\/a><\/strong>. Au lendemain de la victoire de <strong>Lotte Kopecky<\/strong> (SD Worx-Protime), l&rsquo;organisation a donc \u00e9t\u00e9 contrainte d&rsquo;annuler au dernier moment sa 2e \u00e9tape trac\u00e9e entre\u00a0Saint-Rambert-d&rsquo;Albon et Saint-Donat-sur-l&rsquo;Herbasse,\u00a0sur arr\u00eat pr\u00e9fectoral li\u00e9 \u00e0 ces manifestations qui mobilisent toutes les forces de l&rsquo;ordre. Apr\u00e8s avoir d&rsquo;abord\u00a0re\u00e7u le feu vert dans la matin\u00e9e pour tenter de lancer sans les services de gendarmerie, la prudence et la s\u00e9curit\u00e9 ont finalement pris le dessus ce mercredi midi.<\/p>\n<p>Vid\u00e9o &#8211; Les explications de Louis Jeannin, directeur du TCFIA Lire la suite de l&rsquo;article&#13;<\/p>\n<p>\u00a0<\/p>\n<p>&#13;<br \/>\nLouis Jeannin :\u00a0\u00ab\u00a0Le couperet est tomb\u00e9, on ne s&rsquo;y attendait car on avait quand m\u00eame l&rsquo;espoir&#8230;\u00a0\u00bb&#13;<\/p>\n<p>Directeur du <strong>TCFIA<\/strong>, <strong>Louis Jeannin<\/strong> est revenu sur cette d\u00e9cision. \u00ab\u00a0Le couperet est tomb\u00e9, on ne s&rsquo;y attendait car on avait quand m\u00eame l&rsquo;espoir qu&rsquo;on puisse partir. Mais bien \u00e9videmment, on ne connaissait pas la tenur exacte de l&rsquo;ampleur du mouvement.\u00a0Ils ont donc pris la d\u00e9cision de mani\u00e8re coll\u00e9giale de ne pas nous autoriser \u00e0 partir, donc \u00e9tape annul\u00e9e. On s&rsquo;\u00e9tait entendu avec la pr\u00e9fecture, qui nous avait donn\u00e9 l&rsquo;autorisation de partir \u00e0 10 heures. On devait faire un point \u00e0 12h30 sur l&rsquo;\u00e9volution de la situation. Je connais bien les choses et les manifestations, je sais que \u00e7a \u00e9volue souvent tr\u00e8s tr\u00e8s vite. Malheureusement, \u00e0 Valence \u00e7a s&rsquo;est beaucoup d\u00e9velopp\u00e9, avec des d\u00e9bordements. Il y avait \u00e9galement beaucoup de manifestants qui se dirigeaient vers\u00a0Romans-sur-Is\u00e8re, et ensuite, sur le secteur nord du d\u00e9partement, l\u00e0 o\u00f9 on intervient et passe. Donc la d\u00e9cision a \u00e9t\u00e9 d&rsquo;annuler\u00a0\u00bb, a-t-il expliqu\u00e9. Cette mobilisation n&rsquo;\u00e9tant pr\u00e9vue que pour une journ\u00e9e, la course devrait pouvoir reprendre sans souci ce jeudi, avec une 3e \u00e9tape entre\u00a0Avignon et Pernes-les-Fontaines.<\/p>\n<p>&#13;<\/p>\n<p>\u00a0<\/p>\n<p>&#13;<br \/>\n\u00ab\u00a0La s\u00e9curit\u00e9 reste la priorit\u00e9 absolue.\u00a0La suite du TCFIA est maintenue \u00e0 ce stade\u00a0\u00bb&#13;<\/p>\n<p>L&rsquo;organisation s&rsquo;est ensuite fendue d&rsquo;un communiqu\u00e9 pour clarifier la situation, pr\u00e9cisant bien que la suite du TCFIA n&rsquo;\u00e9tait pas menac\u00e9e \u00e0 ce stade. \u00ab\u00a0L\u2019organisation du Tour Cycliste F\u00e9minin International de l\u2019Ard\u00e8che informe que la 2\u1d49 \u00e9tape, pr\u00e9vue ce jour entre Saint-Rambert-d\u2019Albon et Saint-Donat, a \u00e9t\u00e9 annul\u00e9e. Cette d\u00e9cision fait suite \u00e0 un arr\u00eat\u00e9 pr\u00e9fectoral pris par les autorit\u00e9s comp\u00e9tentes.\u00a0La s\u00e9curit\u00e9 des coureuses, des suiveurs, du public et de l\u2019ensemble de la caravane de l\u2019\u00e9v\u00e9nement reste la priorit\u00e9 absolue. L\u2019organisation prend acte de cette mesure et remercie l\u2019ensemble des partenaires, collectivit\u00e9s, spectateurs et des b\u00e9n\u00e9voles pour leur compr\u00e9hension. La suite du TCFIA est maintenue \u00e0 ce stade. Toute \u00e9volution de la situation fera l\u2019objet d\u2019une communication officielle\u00a0\u00bb.<\/p>\n<p>Tour Cycliste Feminin International de l&rsquo;Ardeche &#8211; Classement g\u00e9n\u00e9ral provisoire apr\u00e8s la 1\u00e8 \u00e9tape<\/p>\n","protected":false},"excerpt":{"rendered":"Si les manifestations pro-Palestine font beaucoup parler de l&rsquo;autre c\u00f4t\u00e9 de la fronti\u00e8re et perturbent grandement le d\u00e9roulement&hellip;\n","protected":false},"author":2,"featured_media":380214,"comment_status":"","ping_status":"","sticky":false,"template":"","format":"standard","meta":{"footnotes":""},"categories":[1411],"tags":[1154,207,211,1011,27,209,60,210,51360,212,208,213],"class_list":{"0":"post-380213","1":"post","2":"type-post","3":"status-publish","4":"format-standard","5":"has-post-thumbnail","7":"category-cyclisme","8":"tag-cycling","9":"tag-cyclisme","10":"tag-ffc","11":"tag-fr","12":"tag-france","13":"tag-route","14":"tag-sports","15":"tag-tour-de-france","16":"tag-tour-de-lardeche-feminin","17":"tag-uci","18":"tag-velo","19":"tag-world-tour"},"share_on_mastodon":{"url":"https:\/\/pubeurope.com\/@fr\/115179942305133372","error":""},"_links":{"self":[{"href":"https:\/\/www.europesays.com\/fr\/wp-json\/wp\/v2\/posts\/380213","targetHints":{"allow":["GET"]}}],"collection":[{"href":"https:\/\/www.europesays.com\/fr\/wp-json\/wp\/v2\/posts"}],"about":[{"href":"https:\/\/www.europesays.com\/fr\/wp-json\/wp\/v2\/types\/post"}],"author":[{"embeddable":true,"href":"https:\/\/www.europesays.com\/fr\/wp-json\/wp\/v2\/users\/2"}],"replies":[{"embeddable":true,"href":"https:\/\/www.europesays.com\/fr\/wp-json\/wp\/v2\/comments?post=380213"}],"version-history":[{"count":0,"href":"https:\/\/www.europesays.com\/fr\/wp-json\/wp\/v2\/posts\/380213\/revisions"}],"wp:featuredmedia":[{"embeddable":true,"href":"https:\/\/www.europesays.com\/fr\/wp-json\/wp\/v2\/media\/380214"}],"wp:attachment":[{"href":"https:\/\/www.europesays.com\/fr\/wp-json\/wp\/v2\/media?parent=380213"}],"wp:term":[{"taxonomy":"category","embeddable":true,"href":"https:\/\/www.europesays.com\/fr\/wp-json\/wp\/v2\/categories?post=380213"},{"taxonomy":"post_tag","embeddable":true,"href":"https:\/\/www.europesays.com\/fr\/wp-json\/wp\/v2\/tags?post=380213"}],"curies":[{"name":"wp","href":"https:\/\/api.w.org\/{rel}","templated":true}]}}