{"id":380215,"date":"2025-09-10T12:13:12","date_gmt":"2025-09-10T12:13:12","guid":{"rendered":"https:\/\/www.europesays.com\/fr\/380215\/"},"modified":"2025-09-10T12:13:12","modified_gmt":"2025-09-10T12:13:12","slug":"ol-la-sortie-choquante-de-kevin-de-bruyne-sur-malick-fofana","status":"publish","type":"post","link":"https:\/\/www.europesays.com\/fr\/380215\/","title":{"rendered":"OL, la sortie choquante de Kevin De Bruyne sur Malick Fofana"},"content":{"rendered":"<p data-testid=\"article-teaser\">Kevin De Bruyne encense Malick Fofana mais recadre l\u2019OL dans une d\u00e9claration qui fait d\u00e9j\u00e0 grand bruit en Belgique et \u00e0 Lyon.<\/p>\n<p>De retour de s\u00e9lection, Malick Fofana a repris l\u2019entra\u00eenement avec l\u2019Olympique Lyonnais, gonfl\u00e9 par deux performances remarqu\u00e9es avec la Belgique. Le jeune ailier de 20 ans attire l\u2019attention et s\u00e9duit d\u00e9j\u00e0 ses co\u00e9quipiers, au point que Kevin De Bruyne a \u00e9t\u00e9 invit\u00e9 \u00e0 s\u2019exprimer sur son cas. Si la star pass\u00e9e par Manchester City a salu\u00e9 son talent, il a aussi l\u00e2ch\u00e9 une phrase qui fait grincer des dents du c\u00f4t\u00e9 de Lyon.<\/p>\n","protected":false},"excerpt":{"rendered":"Kevin De Bruyne encense Malick Fofana mais recadre l\u2019OL dans une d\u00e9claration qui fait d\u00e9j\u00e0 grand bruit en&hellip;\n","protected":false},"author":2,"featured_media":380216,"comment_status":"","ping_status":"","sticky":false,"template":"","format":"standard","meta":{"footnotes":""},"categories":[1410],"tags":[828,9999,50499,63,1011,27,51362,51361,66,2428,41701,60,50502],"class_list":{"0":"post-380215","1":"post","2":"type-post","3":"status-publish","4":"format-standard","5":"has-post-thumbnail","7":"category-football","8":"tag-belgique","9":"tag-belgium","10":"tag-coupe-du-monde-qualification-uefa-2eme-tour","11":"tag-football","12":"tag-fr","13":"tag-france","14":"tag-j-doku","15":"tag-k-de-bruyne","16":"tag-ligue-1","17":"tag-lyon","18":"tag-m-fofana","19":"tag-sports","20":"tag-world-cup-qualification-uefa"},"share_on_mastodon":{"url":"https:\/\/pubeurope.com\/@fr\/115179946341314173","error":""},"_links":{"self":[{"href":"https:\/\/www.europesays.com\/fr\/wp-json\/wp\/v2\/posts\/380215","targetHints":{"allow":["GET"]}}],"collection":[{"href":"https:\/\/www.europesays.com\/fr\/wp-json\/wp\/v2\/posts"}],"about":[{"href":"https:\/\/www.europesays.com\/fr\/wp-json\/wp\/v2\/types\/post"}],"author":[{"embeddable":true,"href":"https:\/\/www.europesays.com\/fr\/wp-json\/wp\/v2\/users\/2"}],"replies":[{"embeddable":true,"href":"https:\/\/www.europesays.com\/fr\/wp-json\/wp\/v2\/comments?post=380215"}],"version-history":[{"count":0,"href":"https:\/\/www.europesays.com\/fr\/wp-json\/wp\/v2\/posts\/380215\/revisions"}],"wp:featuredmedia":[{"embeddable":true,"href":"https:\/\/www.europesays.com\/fr\/wp-json\/wp\/v2\/media\/380216"}],"wp:attachment":[{"href":"https:\/\/www.europesays.com\/fr\/wp-json\/wp\/v2\/media?parent=380215"}],"wp:term":[{"taxonomy":"category","embeddable":true,"href":"https:\/\/www.europesays.com\/fr\/wp-json\/wp\/v2\/categories?post=380215"},{"taxonomy":"post_tag","embeddable":true,"href":"https:\/\/www.europesays.com\/fr\/wp-json\/wp\/v2\/tags?post=380215"}],"curies":[{"name":"wp","href":"https:\/\/api.w.org\/{rel}","templated":true}]}}