{"id":380217,"date":"2025-09-10T12:14:12","date_gmt":"2025-09-10T12:14:12","guid":{"rendered":"https:\/\/www.europesays.com\/fr\/380217\/"},"modified":"2025-09-10T12:14:12","modified_gmt":"2025-09-10T12:14:12","slug":"rare-sortie-de-couple-pour-marilou-berry-et-le-diamantaire-a-lhonneur-au-musee-grevin","status":"publish","type":"post","link":"https:\/\/www.europesays.com\/fr\/380217\/","title":{"rendered":"Rare sortie de couple pour Marilou Berry et Le Diamantaire, \u00e0 l\u2019honneur au Mus\u00e9e Gr\u00e9vin"},"content":{"rendered":"<p>Une nouvelle oeuvre a \u00e9t\u00e9 inaugur\u00e9e lundi soir au Mus\u00e9e Gr\u00e9vin, mais il ne s\u2019agit pas d\u2019une statue de cire. L\u2019institution parisienne a en effet d\u00e9voil\u00e9 une sculpture monumentale tout en miroir, sign\u00e9e du Diamantaire. L\u2019artiste \u00e9tait bien s\u00fbr pr\u00e9sent pour cette soir\u00e9e d\u2019inauguration. Celui qui s\u2019appelle en r\u00e9alit\u00e9 Alexis a \u00e9galement pu compter sur le soutien de <a href=\"https:\/\/www.parismatch.com\/People\/Marilou-Berry-a-donne-naissance-a-son-premier-enfant-1588123\" rel=\"nofollow noopener\" target=\"_blank\">sa compagne Marilou Berry<\/a>.<\/p>\n<p>C\u2019est avec fiert\u00e9 que la com\u00e9dienne a assist\u00e9 \u00e0 l\u2019\u00e9v\u00e9nement, qu\u2019elle a relay\u00e9 sur ses r\u00e9seaux sociaux le temps de quelques vid\u00e9os partag\u00e9e en Story sur Instagram. La fille de Josiane Balasko a notamment relay\u00e9 le discours improvis\u00e9 de son compagnon juste avant le lever de rideau\u00a0: \u00ab\u00a0Bonsoir \u00e0 tous\u00a0! \u00c7a\u00a0fait bizarre, normalement je suis tout seul \u00e0 l\u2019atelier. Je suis vraiment fier d\u2019\u00eatre ici, d\u2019exposer ici\u00a0\u00bb, a d\u2019abord lanc\u00e9 l\u2019artiste. Celui-ci a ensuite expliqu\u00e9 s\u2019\u00eatre inspir\u00e9 d\u2019une citation affich\u00e9e \u00e0 l\u2019entr\u00e9e du mus\u00e9e, \u00ab\u00a0La star c\u2019est vous\u00a0\u00bb. \u00ab\u00a0J\u2019avais envie d\u2019incorporer le spectateur dans une oeuvre et dans un espace\u00a0\u00bb, a explique la Diamantaire.<\/p>\n<p>    La suite apr\u00e8s cette publicit\u00e9<\/p>\n<p>    <img decoding=\"async\" src=\"https:\/\/www.europesays.com\/fr\/wp-content\/uploads\/2025\/09\/diamantaire.jpg\" alt=\"Marilou Berry et Alexis le Diamantaire lors de l'inauguration d'une nouvelle oeuvre monumentale au Mus\u00e9e Gr\u00e9vin, \u00e0 Paris, le 9 septembre 2025.\" loading=\"lazy\"\/><\/p>\n<p>\n      Marilou Berry et Alexis le Diamantaire lors de l&rsquo;inauguration d&rsquo;une nouvelle oeuvre monumentale au Mus\u00e9e Gr\u00e9vin, \u00e0 Paris, le 9 septembre 2025. <\/p>\n<p>                                \u00a9 Instagram<\/p>\n<p>Une fois l\u2019oeuvre d\u00e9voil\u00e9e au public et aux photographes, son cr\u00e9ateur a pris le temps de la signer, puis de poser avec. Marilou Berry a alors pris le temps de se faire photographier avec son compagnon. Des clich\u00e9s de couple d\u2019autant plus remarqu\u00e9es que les amoureux se veulent plut\u00f4t discrets depuis le d\u00e9but de leur relation, entam\u00e9e il y a maintenant huit ans.<\/p>\n<p>    La suite apr\u00e8s cette publicit\u00e9<\/p>\n<p>Marilou Berry et Josiane Balasko bient\u00f4t r\u00e9unies sur sc\u00e8ne<\/p>\n<p>Non seulement le couple s\u2019\u00e9panouit loin des regards, mais il pr\u00e9serve \u00e9galement sa vie de famille. Marilou Berry et Alexis sont en effet les parents d\u2019<a href=\"https:\/\/www.parismatch.com\/People\/Marilou-Berry-devoile-un-adorable-cliche-de-son-fils-pour-son-premier-anniversaire-1656758\" rel=\"nofollow noopener\" target=\"_blank\">un petit gar\u00e7on de sept ans pr\u00e9nomm\u00e9 Andy<\/a>. Un fils, mais aussi petit-fils, qui fait le bonheur de <a href=\"https:\/\/www.parismatch.com\/people\/josiane-balasko-partage-sa-visite-pleine-dillusion-avec-son-petit-fils-andy-226359\" rel=\"nofollow noopener\" target=\"_blank\">Josiane Balasko, elle qui est une grand-m\u00e8re tr\u00e8s investie<\/a>. \u00ab\u00a0Grand-m\u00e8re c\u2019est g\u00e9nial parce que c\u2019est nouveau pour moi. C\u2019est la premi\u00e8re fois que je suis grand-m\u00e8re, c\u2019est la chair de sa chair\u00a0\u00bb, avait-elle confi\u00e9 <a href=\"https:\/\/www.parismatch.com\/People\/C-a-vous-Josiane-Balasko-evoque-tendrement-son-role-de-grand-mere-1630410\" rel=\"nofollow noopener\" target=\"_blank\">sur le plateau de l\u2019\u00e9mission \u00ab\u00a0C \u00e0 vous\u00a0\u00bb<\/a> en 2019. \u00ab\u00a0On est obnubil\u00e9, on ne pense qu\u2019\u00e0 \u00e7a. On a sa photo sur le t\u00e9l\u00e9phone et quand il est l\u00e0 on le regarde b\u00eatement\u2026 ce b\u00e9b\u00e9 qui gazouille et tout \u00e7a.\u00a0\u00bb<\/p>\n<p>Marilou Berry et Josiane Balasko pr\u00e9parent un joli projet de famille pour le d\u00e9but d\u2019ann\u00e9e 2026\u00a0: elles monteront toutes les deux sur la sc\u00e8ne des Bouffes Parisiens pour jouer dans la pi\u00e8ce \u00ab\u00a0\u00c7a, c\u2019est l\u2019amour\u00a0\u00bb. Pour leur premi\u00e8re fois sur sc\u00e8ne ensemble, la m\u00e8re et la fille offriront\u00a0une immersion au c\u0153ur d\u2019une histoire familiale o\u00f9 la transmission des blessures semble inscrite dans les g\u00e8nes.<\/p>\n","protected":false},"excerpt":{"rendered":"Une nouvelle oeuvre a \u00e9t\u00e9 inaugur\u00e9e lundi soir au Mus\u00e9e Gr\u00e9vin, mais il ne s\u2019agit pas d\u2019une statue&hellip;\n","protected":false},"author":2,"featured_media":380218,"comment_status":"","ping_status":"","sticky":false,"template":"","format":"standard","meta":{"footnotes":""},"categories":[1359],"tags":[58,59,1011,27,973],"class_list":{"0":"post-380217","1":"post","2":"type-post","3":"status-publish","4":"format-standard","5":"has-post-thumbnail","7":"category-people","8":"tag-divertissement","9":"tag-entertainment","10":"tag-fr","11":"tag-france","12":"tag-people"},"share_on_mastodon":{"url":"https:\/\/pubeurope.com\/@fr\/115179950251091355","error":""},"_links":{"self":[{"href":"https:\/\/www.europesays.com\/fr\/wp-json\/wp\/v2\/posts\/380217","targetHints":{"allow":["GET"]}}],"collection":[{"href":"https:\/\/www.europesays.com\/fr\/wp-json\/wp\/v2\/posts"}],"about":[{"href":"https:\/\/www.europesays.com\/fr\/wp-json\/wp\/v2\/types\/post"}],"author":[{"embeddable":true,"href":"https:\/\/www.europesays.com\/fr\/wp-json\/wp\/v2\/users\/2"}],"replies":[{"embeddable":true,"href":"https:\/\/www.europesays.com\/fr\/wp-json\/wp\/v2\/comments?post=380217"}],"version-history":[{"count":0,"href":"https:\/\/www.europesays.com\/fr\/wp-json\/wp\/v2\/posts\/380217\/revisions"}],"wp:featuredmedia":[{"embeddable":true,"href":"https:\/\/www.europesays.com\/fr\/wp-json\/wp\/v2\/media\/380218"}],"wp:attachment":[{"href":"https:\/\/www.europesays.com\/fr\/wp-json\/wp\/v2\/media?parent=380217"}],"wp:term":[{"taxonomy":"category","embeddable":true,"href":"https:\/\/www.europesays.com\/fr\/wp-json\/wp\/v2\/categories?post=380217"},{"taxonomy":"post_tag","embeddable":true,"href":"https:\/\/www.europesays.com\/fr\/wp-json\/wp\/v2\/tags?post=380217"}],"curies":[{"name":"wp","href":"https:\/\/api.w.org\/{rel}","templated":true}]}}