{"id":380219,"date":"2025-09-10T12:15:12","date_gmt":"2025-09-10T12:15:12","guid":{"rendered":"https:\/\/www.europesays.com\/fr\/380219\/"},"modified":"2025-09-10T12:15:12","modified_gmt":"2025-09-10T12:15:12","slug":"le-seul-saint-de-corse-aura-bientot-sa-statue-en-marbre-a-corte-grace-au-travail-des-freres-aragni","status":"publish","type":"post","link":"https:\/\/www.europesays.com\/fr\/380219\/","title":{"rendered":"Le seul Saint de Corse aura bient\u00f4t sa statue en marbre \u00e0 Corte gr\u00e2ce au travail des fr\u00e8res Aragni"},"content":{"rendered":"<p>Tout part d&rsquo;un bloc de marbre de Carrare de trois tonnes et demie et d&rsquo;une volont\u00e9\u00a0: celle\u00a0\u00ab\u00a0de faire <strong>une statue<\/strong> de l&rsquo;un des personnages les plus importants de Corte qui n&rsquo;en a pas encore en ville\u00a0\u00bb, confie Laurent Ghionga, le prieur de la confr\u00e9rie San Teofalu.<\/p>\n<p>Au d\u00e9part, l&rsquo;id\u00e9e \u00e9tait plut\u00f4t d&rsquo;en r\u00e9aliser une en bronze. \u00ab\u00a0Tr\u00e8s cher. Alors on s&rsquo;est dit\u00a0: <strong>pourquoi est-ce qu&rsquo;on ne la r\u00e9aliserait pas nous-m\u00eame en marbre\u00a0?\u00a0\u00bb<\/strong>, raconte Jean Aragni, aussi membre de la confr\u00e9rie.<\/p>\n<p>Le projet est lanc\u00e9\u00a0: <a href=\"https:\/\/www.corsematin.com\/articles\/saint-theophile-cet-illustre-si-mal-connu-117390\" target=\"_blank\" rel=\"noopener\">le seul Saint de Corse<\/a>, n\u00e9 Blaise de Signori en 1676 \u00e0 Corte, devenu Th\u00e9ophile en religion avant d&rsquo;\u00eatre canonis\u00e9 sous le pape Pie XI, le 29\u00a0juin 1930, aura sa statue \u00e0 taille humaine r\u00e9alis\u00e9e par des Cortenais, les quatre fr\u00e8res Aragni\u00a0: Jean, Mimi, Marc et Michel. \u00ab\u00a0C&rsquo;est notre premi\u00e8re statue\u00a0\u00bb, avoue Jean.\u00a0\u00ab\u00a0Et la derni\u00e8re\u00a0!\u00a0\u00bb, lance Michel en pon\u00e7ant les plis de la robe de marbre qui rev\u00eat le Saint.<\/p>\n<p>Issus d&rsquo;une lign\u00e9e de tailleurs de pierres et de marbriers, les fr\u00e8res Aragni ont travaill\u00e9 durant un an, \u00e0 raison d&rsquo;un ou deux jours par semaine, pour sculpter le bloc rectangulaire devenu un personnage pesant un peu moins d\u2019une tonne et demie.<\/p>\n<p>Une cagnotte en ligne pour faire de l&rsquo;inauguration un moment<\/p>\n","protected":false},"excerpt":{"rendered":"Tout part d&rsquo;un bloc de marbre de Carrare de trois tonnes et demie et d&rsquo;une volont\u00e9\u00a0: celle\u00a0\u00ab\u00a0de faire&hellip;\n","protected":false},"author":2,"featured_media":380220,"comment_status":"","ping_status":"","sticky":false,"template":"","format":"standard","meta":{"footnotes":""},"categories":[1358],"tags":[17,1348,1384,1385,1998,10334,2517,1687,1386,58,59,1011,27,51363,3213,8288,11600],"class_list":{"0":"post-380219","1":"post","2":"type-post","3":"status-publish","4":"format-standard","5":"has-post-thumbnail","7":"category-arts-et-design","8":"tag-17","9":"tag-arts","10":"tag-arts-and-design","11":"tag-arts-et-design","12":"tag-aura","13":"tag-bientot","14":"tag-corse","15":"tag-culture-loisirs","16":"tag-design","17":"tag-divertissement","18":"tag-entertainment","19":"tag-fr","20":"tag-france","21":"tag-marbre","22":"tag-saint","23":"tag-seul","24":"tag-statue"},"share_on_mastodon":{"url":"https:\/\/pubeurope.com\/@fr\/115179954227080651","error":""},"_links":{"self":[{"href":"https:\/\/www.europesays.com\/fr\/wp-json\/wp\/v2\/posts\/380219","targetHints":{"allow":["GET"]}}],"collection":[{"href":"https:\/\/www.europesays.com\/fr\/wp-json\/wp\/v2\/posts"}],"about":[{"href":"https:\/\/www.europesays.com\/fr\/wp-json\/wp\/v2\/types\/post"}],"author":[{"embeddable":true,"href":"https:\/\/www.europesays.com\/fr\/wp-json\/wp\/v2\/users\/2"}],"replies":[{"embeddable":true,"href":"https:\/\/www.europesays.com\/fr\/wp-json\/wp\/v2\/comments?post=380219"}],"version-history":[{"count":0,"href":"https:\/\/www.europesays.com\/fr\/wp-json\/wp\/v2\/posts\/380219\/revisions"}],"wp:featuredmedia":[{"embeddable":true,"href":"https:\/\/www.europesays.com\/fr\/wp-json\/wp\/v2\/media\/380220"}],"wp:attachment":[{"href":"https:\/\/www.europesays.com\/fr\/wp-json\/wp\/v2\/media?parent=380219"}],"wp:term":[{"taxonomy":"category","embeddable":true,"href":"https:\/\/www.europesays.com\/fr\/wp-json\/wp\/v2\/categories?post=380219"},{"taxonomy":"post_tag","embeddable":true,"href":"https:\/\/www.europesays.com\/fr\/wp-json\/wp\/v2\/tags?post=380219"}],"curies":[{"name":"wp","href":"https:\/\/api.w.org\/{rel}","templated":true}]}}