{"id":38022,"date":"2025-04-20T04:45:24","date_gmt":"2025-04-20T04:45:24","guid":{"rendered":"https:\/\/www.europesays.com\/fr\/38022\/"},"modified":"2025-04-20T04:45:24","modified_gmt":"2025-04-20T04:45:24","slug":"bas-rhin-des-motards-signalent-les-nids-de-poule-avec-des-oeufs-de-paques","status":"publish","type":"post","link":"https:\/\/www.europesays.com\/fr\/38022\/","title":{"rendered":"Bas-Rhin. Des motards signalent les nids-de-poule avec des \u0153ufs de P\u00e2ques"},"content":{"rendered":"<p>Une plaque m\u00e9tallique s\u2019est enfonc\u00e9e de quelques centim\u00e8tres dans la chauss\u00e9e, avenue des Vosges \u00e0 Strasbourg. \u00ab\u00a0\u00c7a suffit pour perdre l\u2019\u00e9quilibre\u00a0\u00bb, observe Micka\u00ebl Mehlinger, responsable logistique de la F\u00e9d\u00e9ration fran\u00e7aise des motards en col\u00e8re du Bas-Rhin (FFMC67). \u00ab\u00a0Si un deux-roues motoris\u00e9 bloque sa roue avant dedans, son pilote passe par-dessus\u00a0\u00bb, redoute le motard qui d\u00e9pose de la paille et quelques \u0153ufs dans l\u2019affaissement avant de repartir.<\/p>\n<p>  Une application mobile pour signaler les dangers<\/p>\n<p>Direction Vendenheim o\u00f9 une s\u00e9rie de nids-de-poule a \u00e9t\u00e9 rep\u00e9r\u00e9e sur la bretelle d\u2019acc\u00e8s \u00e0 l\u2019autoroute A35. \u00ab\u00a0Ils se forment l\u00e0 o\u00f9 il y a beaucoup de passage\u00a0: les v\u00e9hicules arrachent un peu d\u2019enrob\u00e9, l\u2019humidit\u00e9 se met \u00e0 l\u2019int\u00e9rieur l\u2019hiver, puis le gel fait \u00e9clater le macadam et \u00e7a fait des trous\u00a0\u00bb, d\u00e9crit le major Gr\u00e9gory Hanne, commandant de la brigade motoris\u00e9e de Strasbourg et charg\u00e9 de mission \u00e0 la Direction d\u00e9partementale des territoires.<\/p>\n<p>Le gendarme a pilot\u00e9 la mise en place de <a href=\"https:\/\/www.dna.fr\/sport\/2025\/03\/24\/une-application-lancee-dans-le-bas-rhin-pour-la-securite-des-motards\" target=\"_blank\" rel=\"nofollow noopener\"> l\u2019application mobile \u00ab\u00a0Ma route \u00e0 deux-roues motoris\u00e9\u00a0\u00bb, lanc\u00e9e par la pr\u00e9fecture du Bas-Rhin<\/a>. L\u2019outil mobile, op\u00e9rationnel depuis quelques semaines, existe d\u00e9j\u00e0 dans trente-huit d\u00e9partements fran\u00e7ais. Pour le faire tourner, 41 \u00ab\u00a0motards de vigie\u00a0\u00bb ont \u00e9t\u00e9 form\u00e9s (membres de FFMC67, moniteurs de moto-\u00e9cole, forces de l\u2019ordre, concessionnaires\u2026). \u00ab\u00a0Ils font une photo de l\u2019endroit qui pose probl\u00e8me et qui est g\u00e9olocalis\u00e9. Ils \u00e9crivent un petit texte pour expliquer la situation. Ils envoient et leur travail est termin\u00e9.\u00a0\u00bb<\/p>\n<p>  \u00ab\u00a0Aucune obligation de r\u00e9paration\u00a0\u00bb<\/p>\n<p>De l\u2019autre c\u00f4t\u00e9 de l\u2019appli, le major (ou un autre administrateur) \u00ab\u00a0transmet le signalement au gestionnaire de voirie territorialement comp\u00e9tent \u2013 l\u2019Eurom\u00e9tropole de Strasbourg, la Collectivit\u00e9 europ\u00e9enne d\u2019Alsace, la commune, le concessionnaire d\u2019autoroute\u2026\u00a0\u00bb Selon une charte, sign\u00e9e fin 2024, ce r\u00e9gisseur n\u2019a \u00ab\u00a0aucune obligation de r\u00e9paration\u00a0\u00bb. Seulement de \u00ab\u00a0r\u00e9pondre\u00a0\u00bb \u00e0 l\u2019alerte \u00ab\u00a0dans un d\u00e9lai raisonnable\u00a0\u00bb. Mais \u00ab\u00a0si c\u2019est dangereux, il fera le n\u00e9cessaire car sa responsabilit\u00e9 est mise en cause\u00a0\u00bb, assure le gendarme.<\/p>\n<p>Ce dispositif va \u00ab\u00a0raccourcir le temps entre le constat et la r\u00e9paration\u00a0\u00bb, croit aussi Bruno Metzger, responsable s\u00e9curit\u00e9 de la FFMC67. Et m\u00eame si la \u201crustine\u201d ne tient qu\u2019une saison, \u00ab\u00a0cela permettra peut-\u00eatre d\u2019\u00e9viter des accidents\u00a0\u00bb. Cinq motards ont \u00e9t\u00e9 tu\u00e9s sur les routes du Bas-Rhin en 2024. <a href=\"https:\/\/www.dna.fr\/faits-divers-justice\/2025\/04\/06\/un-motard-tue-dans-un-accident\" target=\"_blank\" rel=\"nofollow noopener\">Un quadrag\u00e9naire a encore perdu la vie, dimanche 6\u00a0avril<\/a> , apr\u00e8s avoir percut\u00e9 un lampadaire aux commandes de sa 125 cm3 \u00e0 Uberach commune de Val-de-Moder.<\/p>\n","protected":false},"excerpt":{"rendered":"Une plaque m\u00e9tallique s\u2019est enfonc\u00e9e de quelques centim\u00e8tres dans la chauss\u00e9e, avenue des Vosges \u00e0 Strasbourg. \u00ab\u00a0\u00c7a suffit&hellip;\n","protected":false},"author":2,"featured_media":38023,"comment_status":"","ping_status":"","sticky":false,"template":"","format":"standard","meta":{"footnotes":""},"categories":[2820],"tags":[119,1111,11,2389,2649,2880,1777,674,274,107,1011,27,775,12,25,640,2879],"class_list":{"0":"post-38022","1":"post","2":"type-post","3":"status-publish","4":"format-standard","5":"has-post-thumbnail","7":"category-strasbourg","8":"tag-accident","9":"tag-actu","10":"tag-actualites","11":"tag-alsace","12":"tag-bas-rhin","13":"tag-edition-strasbourg","14":"tag-eu","15":"tag-europe","16":"tag-faits-divers-justice","17":"tag-fil-info","18":"tag-fr","19":"tag-france","20":"tag-grand-est","21":"tag-news","22":"tag-republique-francaise","23":"tag-strasbourg","24":"tag-strasbourg-ville"},"share_on_mastodon":{"url":"https:\/\/pubeurope.com\/@fr\/114368474310510266","error":""},"_links":{"self":[{"href":"https:\/\/www.europesays.com\/fr\/wp-json\/wp\/v2\/posts\/38022","targetHints":{"allow":["GET"]}}],"collection":[{"href":"https:\/\/www.europesays.com\/fr\/wp-json\/wp\/v2\/posts"}],"about":[{"href":"https:\/\/www.europesays.com\/fr\/wp-json\/wp\/v2\/types\/post"}],"author":[{"embeddable":true,"href":"https:\/\/www.europesays.com\/fr\/wp-json\/wp\/v2\/users\/2"}],"replies":[{"embeddable":true,"href":"https:\/\/www.europesays.com\/fr\/wp-json\/wp\/v2\/comments?post=38022"}],"version-history":[{"count":0,"href":"https:\/\/www.europesays.com\/fr\/wp-json\/wp\/v2\/posts\/38022\/revisions"}],"wp:featuredmedia":[{"embeddable":true,"href":"https:\/\/www.europesays.com\/fr\/wp-json\/wp\/v2\/media\/38023"}],"wp:attachment":[{"href":"https:\/\/www.europesays.com\/fr\/wp-json\/wp\/v2\/media?parent=38022"}],"wp:term":[{"taxonomy":"category","embeddable":true,"href":"https:\/\/www.europesays.com\/fr\/wp-json\/wp\/v2\/categories?post=38022"},{"taxonomy":"post_tag","embeddable":true,"href":"https:\/\/www.europesays.com\/fr\/wp-json\/wp\/v2\/tags?post=38022"}],"curies":[{"name":"wp","href":"https:\/\/api.w.org\/{rel}","templated":true}]}}