{"id":380221,"date":"2025-09-10T12:16:19","date_gmt":"2025-09-10T12:16:19","guid":{"rendered":"https:\/\/www.europesays.com\/fr\/380221\/"},"modified":"2025-09-10T12:16:19","modified_gmt":"2025-09-10T12:16:19","slug":"salon-du-livre-des-gourmets-de-lettres-xixe-edition","status":"publish","type":"post","link":"https:\/\/www.europesays.com\/fr\/380221\/","title":{"rendered":"Salon du Livre des Gourmets de Lettres \u2022 XIXe \u00e9dition"},"content":{"rendered":"<p><strong>Un cadre et un parrainage prestigieux<\/strong><\/p>\n<p>Le XIXe salon du livre des Gourmets de Lettres, plac\u00e9 sous l\u2019\u00e9gide de la prestigieuse Acad\u00e9mie des Jeux Floraux, se d\u00e9roulera les 26, 27, 28 septembre 2025, salle Cl\u00e9mence Isaure \u00e0 l\u2019H\u00f4tel d\u2019Ass\u00e9zat.<\/p>\n<p><img decoding=\"async\" src=\"https:\/\/www.europesays.com\/fr\/wp-content\/uploads\/2025\/09\/hotel-assezat.jpg\" alt=\"\" class=\"wp-image-31509\" width=\"730\"  \/><\/p>\n<p><strong>Un invit\u00e9 d\u2019honneur\u00a0: Guillaume SIRE<\/strong><\/p>\n<p><a href=\"https:\/\/blog.culture31.com\/2024\/09\/12\/guillaume-sire-les-gouts-des-autres\/\" target=\"_blank\" rel=\"noreferrer noopener nofollow\">Guillaume Sire<\/a> a grandi dans le c\u0153ur historique de Toulouse et dans les Corbi\u00e8res. Il gagne le concours de po\u00e9sie des Jeux floraux en 2006. Il publie romans, nouvelles aux \u00e9ditions Plon (2016), L\u2019Observatoire (2018) et Calmann-L\u00e9vy (2020, 2021, 2024). Prix Orange du Livre 2020 pour Avant la longue flamme rouge (Calmann-L\u00e9vy). Le samedi 27\u00a0septembre \u00e0 15h30 l\u2019auteur participera \u00e0 une rencontre avec le public, anim\u00e9e par le journaliste de Radio Pr\u00e9sence, Philippe Gilbert.\u00ab\u00a0Guillaume Sire a plusieurs cordes \u00e0 son arc, un lyrisme tr\u00e8s Grand Meaulnes, des dialogues qui claquent des talons, une imagination qui le sort du lot\u00a0\u00bb Le Figaro Madame<\/p>\n<p><img decoding=\"async\" src=\"https:\/\/www.europesays.com\/fr\/wp-content\/uploads\/2025\/09\/guillaume-sire-pierre-beteille-1-1170x780-1-1024x683.jpg\" alt=\"\" class=\"wp-image-48584\" width=\"730\"  \/>Guillaume Sire @ Pierre Beteille<\/p>\n<p><strong>Cinquante autrices et auteurs<\/strong><\/p>\n<p>Lors de ces journ\u00e9es litt\u00e9raires le public aura le loisir de rencontrer et d\u2019\u00e9changer avec une quarantaine d\u2019autrices et auteurs issus de notre r\u00e9gion mais aussi de toute la France. Un choix \u00e9clectique\u00a0: fiction, autobiographie, policier, roman, nouvelles, po\u00e9sie, BD, roman historique<\/p>\n<p><strong>Atelier BD et conf\u00e9rences<\/strong><\/p>\n<p>Comme tous les ans, le salon proposera un atelier BD autour du dessinateur, illustrateur de presse jeunesse Fred Medrano. De nombreuses conf\u00e9rences \u00e9mailleront ces deux journ\u00e9es \u00e0 travers des th\u00e9matiques diverses\u00a0: L\u2019intelligence artificielle, L\u2019Art-Th\u00e9rapie, Les femmes dans la guerre, Que nous r\u00e9serve le XXIe\u00a0si\u00e8cle\u2026 (voir programme ci-dessous).<\/p>\n<p><strong>Une librairie sur place<\/strong><\/p>\n<p>La <a href=\"https:\/\/blog.culture31.com\/mapc31\/librairie-privat\/\" target=\"_blank\" rel=\"noreferrer noopener nofollow\">librairie Privat <\/a>tiendra un stand dans la salle Cl\u00e9mence Isaure.<\/p>\n<p><strong>Un concert priv\u00e9<\/strong><\/p>\n<p>Le samedi \u00e0 19h, le groupe Alys proposera un concert \u00e9maill\u00e9 de grands standards du rock et de la pop<\/p>\n<p><strong>Un acc\u00e8s central<\/strong><\/p>\n<p>H\u00f4tel d\u2019Ass\u00e9zat, Place d\u2019Ass\u00e9zat, 31000 Toulouse M\u00e9tro Esquirol, entr\u00e9e gratuite<\/p>\n<p class=\"has-vivid-red-color has-text-color\"><strong>&gt; <a href=\"https:\/\/www.culture31.com\/wp-content\/uploads\/2025\/09\/Salon-du-Livre-des-Gourmets-de-Lettres-2025-1.pdf\" target=\"_blank\" rel=\"noreferrer noopener nofollow\">T\u00e9l\u00e9chargement du programme <\/a><\/strong><\/p>\n<p class=\"has-text-align-center\"><strong><a href=\"https:\/\/www.gourmetsdelettres.com\/\" target=\"_blank\" rel=\"noreferrer noopener nofollow\">Gourmets de Lettres<\/a><\/strong><\/p>\n<p><a href=\"https:\/\/www.gourmetsdelettres.com\/\" target=\"_blank\" rel=\"noopener nofollow\"><img decoding=\"async\" src=\"https:\/\/www.europesays.com\/fr\/wp-content\/uploads\/2025\/09\/salon-gourmets-de-lettres-724x1024.png\" alt=\"\" class=\"wp-image-48583\" width=\"450\"  \/><\/a><\/p>\n","protected":false},"excerpt":{"rendered":"Un cadre et un parrainage prestigieux Le XIXe salon du livre des Gourmets de Lettres, plac\u00e9 sous l\u2019\u00e9gide&hellip;\n","protected":false},"author":2,"featured_media":380222,"comment_status":"","ping_status":"","sticky":false,"template":"","format":"standard","meta":{"footnotes":""},"categories":[1357],"tags":[1379,58,59,1011,27,1380],"class_list":{"0":"post-380221","1":"post","2":"type-post","3":"status-publish","4":"format-standard","5":"has-post-thumbnail","7":"category-livres","8":"tag-books","9":"tag-divertissement","10":"tag-entertainment","11":"tag-fr","12":"tag-france","13":"tag-livres"},"share_on_mastodon":{"url":"https:\/\/pubeurope.com\/@fr\/115179958211702323","error":""},"_links":{"self":[{"href":"https:\/\/www.europesays.com\/fr\/wp-json\/wp\/v2\/posts\/380221","targetHints":{"allow":["GET"]}}],"collection":[{"href":"https:\/\/www.europesays.com\/fr\/wp-json\/wp\/v2\/posts"}],"about":[{"href":"https:\/\/www.europesays.com\/fr\/wp-json\/wp\/v2\/types\/post"}],"author":[{"embeddable":true,"href":"https:\/\/www.europesays.com\/fr\/wp-json\/wp\/v2\/users\/2"}],"replies":[{"embeddable":true,"href":"https:\/\/www.europesays.com\/fr\/wp-json\/wp\/v2\/comments?post=380221"}],"version-history":[{"count":0,"href":"https:\/\/www.europesays.com\/fr\/wp-json\/wp\/v2\/posts\/380221\/revisions"}],"wp:featuredmedia":[{"embeddable":true,"href":"https:\/\/www.europesays.com\/fr\/wp-json\/wp\/v2\/media\/380222"}],"wp:attachment":[{"href":"https:\/\/www.europesays.com\/fr\/wp-json\/wp\/v2\/media?parent=380221"}],"wp:term":[{"taxonomy":"category","embeddable":true,"href":"https:\/\/www.europesays.com\/fr\/wp-json\/wp\/v2\/categories?post=380221"},{"taxonomy":"post_tag","embeddable":true,"href":"https:\/\/www.europesays.com\/fr\/wp-json\/wp\/v2\/tags?post=380221"}],"curies":[{"name":"wp","href":"https:\/\/api.w.org\/{rel}","templated":true}]}}