{"id":380223,"date":"2025-09-10T12:17:16","date_gmt":"2025-09-10T12:17:16","guid":{"rendered":"https:\/\/www.europesays.com\/fr\/380223\/"},"modified":"2025-09-10T12:17:16","modified_gmt":"2025-09-10T12:17:16","slug":"avant-premiere-familles-nombreuses-la-vie-en-xxl-du-11-septembre-2025-episode-109-familles-nombreuses-la-vie-en-xxl","status":"publish","type":"post","link":"https:\/\/www.europesays.com\/fr\/380223\/","title":{"rendered":"Avant-premi\u00e8re &#8211; Familles nombreuses : la vie en XXL du 11 septembre 2025 &#8211; Episode 109 &#8211; Familles nombreuses : la vie en XXL"},"content":{"rendered":"<p id=\"descriptionPanel\" class=\"text-secondary mr-2 line-clamp-2 pr-2.5 overflow-visible\">Tous les invit\u00e9s sont arriv\u00e9s chez les Esposito pour faire la f\u00eate apr\u00e8s le bapt\u00eame. Le d\u00e9jeuner est tr\u00e8s r\u00e9ussi, tout le monde se r\u00e9gale ! Dans la famille Laforce, Victoria est une grande fille : elle ne met plus de couche et fait pipi toute seule. Une fiert\u00e9 pour sa maman ! Les Ballot vont se promener en for\u00eat. \u00c7a tient \u00e0 c\u0153ur \u00e0 Maxime et Ana\u00efs de les habituer \u00e0 marcher et \u00e0 prendre l&rsquo;air. Apr\u00e8s l&rsquo;op\u00e9ration, c&rsquo;est une nouvelle vie qui commence pour Roxane. Elle n&rsquo;arrive pas encore \u00e0 lever les bras mais elle va se r\u00e9tablir petit \u00e0 petit. Les Perside accompagnent leur papa ramasser les patates. C&rsquo;est une activit\u00e9 qu&rsquo;ils aiment bien faire. Familles nombreuses : la vie en XXL. Saison 09 \u00c9pisode 109<\/p>\n<p>Afficher la version longue du r\u00e9sum\u00e9<a class=\"shrink-0\" href=\"https:\/\/www.tf1.fr\/tf1\/les-familles-nombreuses-la-vie-en-xxl\" target=\"_blank\" rel=\"noopener\"><img decoding=\"async\" src=\"https:\/\/www.europesays.com\/fr\/wp-content\/uploads\/2025\/09\/flux-program-card-portrait-1-famille-ballot-3ae008-5e705b-5c7e81-0@1x.jpg\" width=\"138\" height=\"184\" alt=\"\" loading=\"eager\" fetchpriority=\"auto\" class=\"rounded-3px aspect-[3\/4] h-24 w-auto\" aria-hidden=\"true\"\/><\/a><\/p>\n","protected":false},"excerpt":{"rendered":"Tous les invit\u00e9s sont arriv\u00e9s chez les Esposito pour faire la f\u00eate apr\u00e8s le bapt\u00eame. Le d\u00e9jeuner est&hellip;\n","protected":false},"author":2,"featured_media":380224,"comment_status":"","ping_status":"","sticky":false,"template":"","format":"standard","meta":{"footnotes":""},"categories":[1356],"tags":[58,59,1365,21484,51365,41047,4980,21485,51366,6162,51374,51364,51371,51375,51369,51368,1011,27,6163,51370,51372,51373,252,1364,21486,51367],"class_list":{"0":"post-380223","1":"post","2":"type-post","3":"status-publish","4":"format-standard","5":"has-post-thumbnail","7":"category-television","8":"tag-divertissement","9":"tag-entertainment","10":"tag-episode","11":"tag-episode-familles-nombreuses-la-vie-en-xxl","12":"tag-episode-familles-nombreuses-la-vie-en-xxl-tf1","13":"tag-episode-tf1","14":"tag-familles-nombreuses-la-vie-en-xxl","15":"tag-familles-nombreuses-la-vie-en-xxl-episode","16":"tag-familles-nombreuses-la-vie-en-xxl-episode-tf1","17":"tag-familles-nombreuses-la-vie-en-xxl-streaming","18":"tag-familles-nombreuses-la-vie-en-xxl-streaming-gratuit","19":"tag-familles-nombreuses-la-vie-en-xxl-tf1","20":"tag-familles-nombreuses-la-vie-en-xxl-tf1-streaming","21":"tag-familles-nombreuses-la-vie-en-xxl-tf1-streaming-gratuit","22":"tag-familles-nombreuses-la-vie-en-xxl-tf1-video","23":"tag-familles-nombreuses-la-vie-en-xxl-video","24":"tag-fr","25":"tag-france","26":"tag-streaming-familles-nombreuses-la-vie-en-xxl","27":"tag-streaming-familles-nombreuses-la-vie-en-xxl-tf1","28":"tag-streaming-gratuit-familles-nombreuses-la-vie-en-xxl","29":"tag-streaming-gratuit-familles-nombreuses-la-vie-en-xxl-tf1","30":"tag-television","31":"tag-tv","32":"tag-video-familles-nombreuses-la-vie-en-xxl","33":"tag-video-familles-nombreuses-la-vie-en-xxl-tf1"},"share_on_mastodon":{"url":"","error":"Validation failed: Text character limit of 500 exceeded"},"_links":{"self":[{"href":"https:\/\/www.europesays.com\/fr\/wp-json\/wp\/v2\/posts\/380223","targetHints":{"allow":["GET"]}}],"collection":[{"href":"https:\/\/www.europesays.com\/fr\/wp-json\/wp\/v2\/posts"}],"about":[{"href":"https:\/\/www.europesays.com\/fr\/wp-json\/wp\/v2\/types\/post"}],"author":[{"embeddable":true,"href":"https:\/\/www.europesays.com\/fr\/wp-json\/wp\/v2\/users\/2"}],"replies":[{"embeddable":true,"href":"https:\/\/www.europesays.com\/fr\/wp-json\/wp\/v2\/comments?post=380223"}],"version-history":[{"count":0,"href":"https:\/\/www.europesays.com\/fr\/wp-json\/wp\/v2\/posts\/380223\/revisions"}],"wp:featuredmedia":[{"embeddable":true,"href":"https:\/\/www.europesays.com\/fr\/wp-json\/wp\/v2\/media\/380224"}],"wp:attachment":[{"href":"https:\/\/www.europesays.com\/fr\/wp-json\/wp\/v2\/media?parent=380223"}],"wp:term":[{"taxonomy":"category","embeddable":true,"href":"https:\/\/www.europesays.com\/fr\/wp-json\/wp\/v2\/categories?post=380223"},{"taxonomy":"post_tag","embeddable":true,"href":"https:\/\/www.europesays.com\/fr\/wp-json\/wp\/v2\/tags?post=380223"}],"curies":[{"name":"wp","href":"https:\/\/api.w.org\/{rel}","templated":true}]}}