{"id":380225,"date":"2025-09-10T12:18:12","date_gmt":"2025-09-10T12:18:12","guid":{"rendered":"https:\/\/www.europesays.com\/fr\/380225\/"},"modified":"2025-09-10T12:18:12","modified_gmt":"2025-09-10T12:18:12","slug":"apres-son-cancer-florent-pagny-revient-avec-son-album-grandeur-nature","status":"publish","type":"post","link":"https:\/\/www.europesays.com\/fr\/380225\/","title":{"rendered":"Apr\u00e8s son cancer, Florent Pagny revient avec son album \u00ab\u00a0Grandeur nature\u00a0\u00bb"},"content":{"rendered":"\n<p class=\"c-chapo \">\n  Dans son album disponible vendredi le chanteur \u00e0 la voix de baryton continue de livrer sa libert\u00e9 de penser, sur des chansons \u00e9crites notamment par Vianney et Marc Lavoine.\n<\/p>\n<p>            lire plus tard<\/p>\n<p id=\"dialog__title\" class=\"dialog__title\">Pour sauvegarder cet article, connectez-vous ou cr\u00e9ez un compte franceinfo<\/p>\n<p class=\"dialog__description\">Sans paiement. Sans abonnement.<\/p>\n<p>        Fermer la fen\u00eatre d\u2019activation des notifications France Info<\/p>\n<p>            cr\u00e9er votre compte<\/p>\n<p>            se connecter<\/p>\n<p>        Fermer la fen\u00eatre de pr\u00e9sentation<\/p>\n<p>    <img loading=\"lazy\" decoding=\"async\" class=\"signature__image lazyload\" width=\"100\" height=\"100\" data- alt=\"\" src=\"https:\/\/www.europesays.com\/fr\/wp-content\/uploads\/2025\/05\/64abd44855ee1_placeholder-36b69ec8.png\"\/><\/p>\n<p>          France T\u00e9l\u00e9visions &#8211; R\u00e9daction Culture<\/p>\n<p>    Publi\u00e9 le 10\/09\/2025 12:06<\/p>\n<p>        Temps de lecture : 1min<\/p>\n<p>    <img decoding=\"async\"  alt=\"Le chanteur Florent Pagny lors du concert de la chanteuse libanaise Hiba Tawaji \u00e0 Paris, France, en mai 2024. (SIPA\/SIPA \/ SIPA)\" width=\"432\" height=\"243\" src=\"https:\/\/www.europesays.com\/fr\/wp-content\/uploads\/2025\/09\/sipa-01160120-000007-68c13ea8437ed250709369.jpg\" fetchpriority=\"high\"\/><\/p>\n<p>      Le chanteur Florent Pagny lors du concert de la chanteuse libanaise Hiba Tawaji \u00e0 Paris, France, en mai 2024. (SIPA\/SIPA \/ SIPA)<\/p>\n<p>Avec plus de 18 millions d&rsquo;albums vendus, Florent Pagny, 63 ans, sortira vendredi 12 septembre son nouvel album Grandeur nature\u00a0qu&rsquo;il pr\u00e9sente comme \u00ab\u00a0un voyage\u00a0\u00bb de onze titres autour de ses th\u00e8mes f\u00e9tiches.\u00a0Un disque dans lequel il aborde, entre autres, les relations humaines et le rapport \u00e0 l&rsquo;autre car \u00ab\u00a0la solution \u00e0 tous nos probl\u00e8mes, \u00e7a va \u00eatre l&rsquo;amour. Les moments les plus agr\u00e9ables pour chaque humain, c&rsquo;est quand il y a de l&rsquo;amour\u00a0\u00bb, a-t-il expliqu\u00e9 \u00e0 l&rsquo;AFP.<\/p>\n<p>Sa voix de baryton toujours pr\u00e9sente, l&rsquo;interpr\u00e8te des tubes Et un jour une femme et Savoir aimer entamera une tourn\u00e9e en janvier, avec en premi\u00e8re partie le trio lyrique Il Cello, qu&rsquo;il a coach\u00e9 jusqu&rsquo;\u00e0 la victoire dans la derni\u00e8re saison de The Voice\u00a0(TF1).<\/p>\n<\/p>\n<p>En r\u00e9mission d&rsquo;un cancer diagnostiqu\u00e9 en 2022, le chanteur a pris le temps avant d&rsquo;enregistrer le nouvel album sur des chansons \u00e9crites notamment par Marc Lavoine (L\u2019Amour est toujours devant nous) et Vianney.<\/p>\n<p>\u00ab\u00a0J&rsquo;ai laiss\u00e9 le temps aux \u00e9v\u00e9nements, \u00e0 ce qu&rsquo;il m&rsquo;est arriv\u00e9, de me redonner le go\u00fbt de retourner en studio\u00a0\u00bb, explique-t-il. \u00ab\u00a0Quand j&rsquo;ai re\u00e7u T&rsquo;aimer encore, il y a trois ans pratiquement, \u00e7a m&rsquo;a assez boulevers\u00e9. J&rsquo;ai rappel\u00e9 Vianney en lui disant : Je n&rsquo;ai pas la t\u00eate \u00e0 \u00e7a. Par contre, je te promets que quand \u00e7a va revenir, ce sera une des premi\u00e8res que j&rsquo;enregistrerai. C&rsquo;est exactement ce qu&rsquo;il s&rsquo;est pass\u00e9\u00a0\u00bb.<\/p>\n","protected":false},"excerpt":{"rendered":"Dans son album disponible vendredi le chanteur \u00e0 la voix de baryton continue de livrer sa libert\u00e9 de&hellip;\n","protected":false},"author":2,"featured_media":380226,"comment_status":"","ping_status":"","sticky":false,"template":"","format":"standard","meta":{"footnotes":""},"categories":[1355],"tags":[58,59,1011,27,1361,873],"class_list":{"0":"post-380225","1":"post","2":"type-post","3":"status-publish","4":"format-standard","5":"has-post-thumbnail","7":"category-musique","8":"tag-divertissement","9":"tag-entertainment","10":"tag-fr","11":"tag-france","12":"tag-music","13":"tag-musique"},"share_on_mastodon":{"url":"https:\/\/pubeurope.com\/@fr\/115179966922249354","error":""},"_links":{"self":[{"href":"https:\/\/www.europesays.com\/fr\/wp-json\/wp\/v2\/posts\/380225","targetHints":{"allow":["GET"]}}],"collection":[{"href":"https:\/\/www.europesays.com\/fr\/wp-json\/wp\/v2\/posts"}],"about":[{"href":"https:\/\/www.europesays.com\/fr\/wp-json\/wp\/v2\/types\/post"}],"author":[{"embeddable":true,"href":"https:\/\/www.europesays.com\/fr\/wp-json\/wp\/v2\/users\/2"}],"replies":[{"embeddable":true,"href":"https:\/\/www.europesays.com\/fr\/wp-json\/wp\/v2\/comments?post=380225"}],"version-history":[{"count":0,"href":"https:\/\/www.europesays.com\/fr\/wp-json\/wp\/v2\/posts\/380225\/revisions"}],"wp:featuredmedia":[{"embeddable":true,"href":"https:\/\/www.europesays.com\/fr\/wp-json\/wp\/v2\/media\/380226"}],"wp:attachment":[{"href":"https:\/\/www.europesays.com\/fr\/wp-json\/wp\/v2\/media?parent=380225"}],"wp:term":[{"taxonomy":"category","embeddable":true,"href":"https:\/\/www.europesays.com\/fr\/wp-json\/wp\/v2\/categories?post=380225"},{"taxonomy":"post_tag","embeddable":true,"href":"https:\/\/www.europesays.com\/fr\/wp-json\/wp\/v2\/tags?post=380225"}],"curies":[{"name":"wp","href":"https:\/\/api.w.org\/{rel}","templated":true}]}}