{"id":380231,"date":"2025-09-10T12:21:11","date_gmt":"2025-09-10T12:21:11","guid":{"rendered":"https:\/\/www.europesays.com\/fr\/380231\/"},"modified":"2025-09-10T12:21:11","modified_gmt":"2025-09-10T12:21:11","slug":"le-president-de-la-cbf-hurle-au-scandale","status":"publish","type":"post","link":"https:\/\/www.europesays.com\/fr\/380231\/","title":{"rendered":"le pr\u00e9sident de la CBF hurle au scandale"},"content":{"rendered":"<p>Une d\u00e9faite qui n\u2019a aucune cons\u00e9quence sportive, mais une d\u00e9faite quand m\u00eame. <a href=\"https:\/\/www.footmercato.net\/a7847146408311971857-qualifications-coupe-du-monde-2026-largentine-sincline-sans-lionel-messi-premiere-defaite-pour-le-bresil-dancelotti\" rel=\"nofollow noopener\" target=\"_blank\">Le Br\u00e9sil a perdu en Bolivie cette nuit (1-0)<\/a> pour conclure les \u00e9liminatoires de la Coupe du Monde 2026. Il s\u2019agit d\u2019une premi\u00e8re depuis 2009. Rien de grave pour la Sele\u00e7ao, qui avait d\u00e9j\u00e0 valid\u00e9 son ticket pour le Mondial, m\u00eame s\u2019il s\u2019agit du premier revers de l\u2019\u00e8re <a href=\"https:\/\/www.footmercato.net\/entraineur\/carlo-ancelotti\" rel=\"nofollow noopener\" target=\"_blank\">Carlo Ancelotti<\/a>. C\u2019est surtout la mani\u00e8re qui choque au <a href=\"https:\/\/www.footmercato.net\/selection\/bresil\/\" rel=\"nofollow noopener\" target=\"_blank\">Br\u00e9sil<\/a>, tant les \u00e9l\u00e9ments ont \u00e9t\u00e9 \u00e0 l\u2019encontre de l\u2019\u00e9quipe visiteur. Entre un penalty tr\u00e8s g\u00e9n\u00e9reux, malgr\u00e9 la VAR, et le contexte tendu autour du match, le pr\u00e9sident de la CBF n\u2019a pas h\u00e9sit\u00e9 \u00e0 pousser un coup de gueule \u00e0 la fin de la rencontre, d\u00e9non\u00e7ant tous les \u00e9l\u00e9ments dont \u00e9t\u00e9 victimes les Auriverdes. <\/p>\n<p>            La suite apr\u00e8s cette publicit\u00e9<\/p>\n<p>\u00abCe qui s\u2019est pass\u00e9 ici aujourd\u2019hui est triste. Nous \u00e9tions venus jouer au football, et ce que nous avons vu d\u00e8s notre arriv\u00e9e \u00e9tait un v\u00e9ritable acte d\u2019antijeu. M\u00eame \u00e0 4 000 m\u00e8tres d\u2019altitude, nous avons jou\u00e9 contre les arbitres, la police et les ramasseurs de balles, qui enlevaient les ballons du terrain puis les relan\u00e7aient. C\u2019\u00e9tait un vrai d\u00e9sastre\u00bb constate Samir Xaud, le patron de la f\u00e9d\u00e9ration. \u00abCe n\u2019est pas ce \u00e0 quoi nous nous attendons pour le football mondial ou sud-am\u00e9ricain. Ce que nous voulons, c\u2019est progresser encore davantage. Ce genre d\u2019attitude, surtout en altitude, est difficile, surtout avec 14 joueurs sur le terrain. J\u2019esp\u00e8re que la CONMEBOL prendra des mesures, pr\u00e9cis\u00e9ment parce que nous avons tout enregistr\u00e9. C\u2019est impossible, c\u2019est absurde.\u00bb<\/p>\n<p>\n    Pub. le 10\/09\/2025 13:26<br \/>\n            &#8211; MAJ le 10\/09\/2025 14:13\n    <\/p>\n","protected":false},"excerpt":{"rendered":"Une d\u00e9faite qui n\u2019a aucune cons\u00e9quence sportive, mais une d\u00e9faite quand m\u00eame. Le Br\u00e9sil a perdu en Bolivie&hellip;\n","protected":false},"author":2,"featured_media":380232,"comment_status":"","ping_status":"","sticky":false,"template":"","format":"standard","meta":{"footnotes":""},"categories":[9],"tags":[1011,27,60],"class_list":{"0":"post-380231","1":"post","2":"type-post","3":"status-publish","4":"format-standard","5":"has-post-thumbnail","7":"category-sports","8":"tag-fr","9":"tag-france","10":"tag-sports"},"share_on_mastodon":{"url":"https:\/\/pubeurope.com\/@fr\/115179977594236799","error":""},"_links":{"self":[{"href":"https:\/\/www.europesays.com\/fr\/wp-json\/wp\/v2\/posts\/380231","targetHints":{"allow":["GET"]}}],"collection":[{"href":"https:\/\/www.europesays.com\/fr\/wp-json\/wp\/v2\/posts"}],"about":[{"href":"https:\/\/www.europesays.com\/fr\/wp-json\/wp\/v2\/types\/post"}],"author":[{"embeddable":true,"href":"https:\/\/www.europesays.com\/fr\/wp-json\/wp\/v2\/users\/2"}],"replies":[{"embeddable":true,"href":"https:\/\/www.europesays.com\/fr\/wp-json\/wp\/v2\/comments?post=380231"}],"version-history":[{"count":0,"href":"https:\/\/www.europesays.com\/fr\/wp-json\/wp\/v2\/posts\/380231\/revisions"}],"wp:featuredmedia":[{"embeddable":true,"href":"https:\/\/www.europesays.com\/fr\/wp-json\/wp\/v2\/media\/380232"}],"wp:attachment":[{"href":"https:\/\/www.europesays.com\/fr\/wp-json\/wp\/v2\/media?parent=380231"}],"wp:term":[{"taxonomy":"category","embeddable":true,"href":"https:\/\/www.europesays.com\/fr\/wp-json\/wp\/v2\/categories?post=380231"},{"taxonomy":"post_tag","embeddable":true,"href":"https:\/\/www.europesays.com\/fr\/wp-json\/wp\/v2\/tags?post=380231"}],"curies":[{"name":"wp","href":"https:\/\/api.w.org\/{rel}","templated":true}]}}