{"id":380233,"date":"2025-09-10T12:22:11","date_gmt":"2025-09-10T12:22:11","guid":{"rendered":"https:\/\/www.europesays.com\/fr\/380233\/"},"modified":"2025-09-10T12:22:11","modified_gmt":"2025-09-10T12:22:11","slug":"marion-cotillard-illumine-new-york","status":"publish","type":"post","link":"https:\/\/www.europesays.com\/fr\/380233\/","title":{"rendered":"Marion Cotillard illumine New York"},"content":{"rendered":"<p>En attendant le lancement de saison 4 sur Apple TV +\u00a0le 17\u00a0septembre, l\u2019\u00e9quipe de la s\u00e9rie \u00ab\u00a0The Morning Show\u00a0\u00bb s\u2019est r\u00e9unie ce lundi pour une avant-premi\u00e8re new-yorkaise. Le duo star form\u00e9 par Jennifer Aniston et Reese Witherspon a ainsi affich\u00e9 <a href=\"https:\/\/www.parismatch.com\/People\/marion-cotillard-jennifer-aniston-et-reese-witherspoon-selfie-entre-amies-252081\" rel=\"nofollow noopener\" target=\"_blank\">sa complicit\u00e9 avec sa nouvelle recrue fran\u00e7aise<\/a>, qui n\u2019est autre que Marion Cotillard.<\/p>\n<p>Casting, \u00e9quipe de production et photographes avaient rendez-vous au Mus\u00e9e d\u2019Art Moderne de New York ce 9\u00a0septembre. Apr\u00e8s la Mostra de Venise, la tendance du noir sur le tapis rouge se confirme. Jennifer Aniston, Marion Cotillard et Reese Witherspoon ont toutes les trois pris la pose bras dessus bras dessus dans leurs tenues de soir\u00e9e noires. La star de \u00ab\u00a0La Revanche d\u2019une blonde\u00a0\u00bb s\u2019est illustr\u00e9e dans une robe David Koma, tandis que sa copine de la s\u00e9rie \u00ab\u00a0Friends\u00a0\u00bb a mis\u00e9 sur une robe bustier nou\u00e9e \u00e0 la taille.<\/p>\n<p>    La suite apr\u00e8s cette publicit\u00e9<\/p>\n<p>De son c\u00f4t\u00e9, Marion Cotillard a attir\u00e9 tous les regards avec son top noir \u00e0 strass, au dos-nu sensuel, port\u00e9 avec un simple pantalon noir. La star de 49\u00a0ans a profit\u00e9 de cette avant-premi\u00e8re pour d\u00e9voiler une nouvelle crini\u00e8re de sir\u00e8ne plus longue et plus claire que celle qu\u2019elle portait lors de sa derni\u00e8re apparition publique, <a href=\"https:\/\/www.parismatch.com\/People\/marion-cotillard-chez-chanel-premiere-sortie-depuis-lannonce-de-sa-separation-avec-guillaume-canet-253937\" rel=\"nofollow noopener\" target=\"_blank\">d\u00e9but juillet \u00e0 Paris, au d\u00e9fil\u00e9 Chanel<\/a>.<\/p>\n<p>    La suite apr\u00e8s cette publicit\u00e9<\/p>\n<p>Une rentr\u00e9e charg\u00e9e pour Marion Cotillard<\/p>\n<p>Dans cette quatri\u00e8me saison du \u00ab\u00a0Morning Show\u00a0\u00bb, Marion Cotillard interpr\u00e8te un nouveau personnage, celui de\u00a0C\u00e9line Dumont, \u00ab\u00a0une op\u00e9ratrice avis\u00e9e issue d\u2019une famille europ\u00e9enne l\u00e9gendaire\u00a0\u00bb selon le magazine \u00ab\u00a0Variety\u00a0\u00bb. Une nouvelle figure f\u00e9minine embauch\u00e9e par le groupe UBA pour retravailler son image.<\/p>\n<p>L\u2019actrice oscaris\u00e9e multiplie les actualit\u00e9s en cette rentr\u00e9e, puisqu\u2019elle sera \u00e0 l\u2019affiche du film fantastique \u00ab\u00a0La Tour de glace\u00a0\u00bb, le 17\u00a0septembre \u00e9galement. Un long-m\u00e9trage franco-allemand-italien <a href=\"https:\/\/www.parismatch.com\/People\/marion-cotillard-troublante-reine-des-neiges-au-festival-de-berlin-247464\" rel=\"nofollow noopener\" target=\"_blank\">pr\u00e9sent\u00e9 \u00e0 la derni\u00e8re Berlinale<\/a> et r\u00e9alis\u00e9 par\u00a0Lucile Had\u017eihalilovi\u0107, qui avait d\u00e9j\u00e0 fait jouer Marion Cotillard dans le film \u00ab\u00a0Innocence\u00a0\u00bb en 2004.<\/p>\n<p>    La suite apr\u00e8s cette publicit\u00e9<\/p>\n<p>    La suite apr\u00e8s cette publicit\u00e9<\/p>\n<p>Malgr\u00e9 <a href=\"https:\/\/www.parismatch.com\/People\/marion-cotillard-et-guillaume-canet-la-raison-de-leur-rupture-253682\" rel=\"nofollow noopener\" target=\"_blank\">leur s\u00e9paration, confirm\u00e9e en juin dernier<\/a>, apr\u00e8s 18\u00a0ans de relation, Guillaume Canet et Marion Cotillard se retrouveront au cin\u00e9ma l\u2019ann\u00e9e prochaine dans le thriller \u00ab\u00a0Karma\u00a0\u00bb. Un film pour lequel Guillaume Canet endosse le costume de sc\u00e9nariste et r\u00e9alisateur, attendu en salles pour le 21\u00a0octobre 2026.<\/p>\n","protected":false},"excerpt":{"rendered":"En attendant le lancement de saison 4 sur Apple TV +\u00a0le 17\u00a0septembre, l\u2019\u00e9quipe de la s\u00e9rie \u00ab\u00a0The Morning&hellip;\n","protected":false},"author":2,"featured_media":380234,"comment_status":"","ping_status":"","sticky":false,"template":"","format":"standard","meta":{"footnotes":""},"categories":[8],"tags":[58,59,1011,27],"class_list":{"0":"post-380233","1":"post","2":"type-post","3":"status-publish","4":"format-standard","5":"has-post-thumbnail","7":"category-divertissement","8":"tag-divertissement","9":"tag-entertainment","10":"tag-fr","11":"tag-france"},"share_on_mastodon":{"url":"","error":""},"_links":{"self":[{"href":"https:\/\/www.europesays.com\/fr\/wp-json\/wp\/v2\/posts\/380233","targetHints":{"allow":["GET"]}}],"collection":[{"href":"https:\/\/www.europesays.com\/fr\/wp-json\/wp\/v2\/posts"}],"about":[{"href":"https:\/\/www.europesays.com\/fr\/wp-json\/wp\/v2\/types\/post"}],"author":[{"embeddable":true,"href":"https:\/\/www.europesays.com\/fr\/wp-json\/wp\/v2\/users\/2"}],"replies":[{"embeddable":true,"href":"https:\/\/www.europesays.com\/fr\/wp-json\/wp\/v2\/comments?post=380233"}],"version-history":[{"count":0,"href":"https:\/\/www.europesays.com\/fr\/wp-json\/wp\/v2\/posts\/380233\/revisions"}],"wp:featuredmedia":[{"embeddable":true,"href":"https:\/\/www.europesays.com\/fr\/wp-json\/wp\/v2\/media\/380234"}],"wp:attachment":[{"href":"https:\/\/www.europesays.com\/fr\/wp-json\/wp\/v2\/media?parent=380233"}],"wp:term":[{"taxonomy":"category","embeddable":true,"href":"https:\/\/www.europesays.com\/fr\/wp-json\/wp\/v2\/categories?post=380233"},{"taxonomy":"post_tag","embeddable":true,"href":"https:\/\/www.europesays.com\/fr\/wp-json\/wp\/v2\/tags?post=380233"}],"curies":[{"name":"wp","href":"https:\/\/api.w.org\/{rel}","templated":true}]}}