{"id":380243,"date":"2025-09-10T12:28:19","date_gmt":"2025-09-10T12:28:19","guid":{"rendered":"https:\/\/www.europesays.com\/fr\/380243\/"},"modified":"2025-09-10T12:28:19","modified_gmt":"2025-09-10T12:28:19","slug":"saint-etienne-la-patrouille-de-france-ne-survolera-finalement-pas-le-chu","status":"publish","type":"post","link":"https:\/\/www.europesays.com\/fr\/380243\/","title":{"rendered":"Saint-\u00c9tienne. La patrouille de France ne survolera finalement pas le CHU"},"content":{"rendered":"<p>Ils devront attendre l\u2019ann\u00e9e prochaine. Comme tous les patients, personnels soignants, b\u00e9n\u00e9voles, Bernard Laroche, coordinateur r\u00e9gional pour la Loire, la Haute-Loire, l\u2019Ard\u00e8che, de l\u2019association Ensemble Leuc\u00e9mie Lymphomes Espoir (ELLyE) est d\u00e9\u00e7u.<\/p>\n<p>Pr\u00e9sente malgr\u00e9 tout \u00e0 Roanne ce week-end<\/p>\n<p><a href=\"https:\/\/www.leprogres.fr\/sante\/2025\/09\/09\/la-patrouille-de-france-va-survoler-le-chu-tout-ce-qu-elle-fera-sera-un-cadeau\" target=\"_blank\" rel=\"nofollow noopener\">Les huit Alphajets qui devaient l\u00e2cher des fumig\u00e8nes rouges<\/a>, jeudi, en fin de matin\u00e9e, au-dessus du CHU de Saint-Etienne, n\u2019\u00e9volueront finalement pas dans le ciel st\u00e9phanois.<\/p>\n<p>La prestigieuse formation est en deuil\u00a0: elle vient de perdre l\u2019un de ses m\u00e9caniciens qui sera enterr\u00e9 ce jour-l\u00e0, mais elle sera bien en d\u00e9monstration, ce week-end, au meeting a\u00e9rien de Roanne.<\/p>\n<p>Elle y sera attendue par quelque 12\u00a0000 passionn\u00e9s d\u2019aviation. L\u2019association sera elle aussi pr\u00e9sente \u00e0 ce rendez-vous, dans le cadre du parrainage qu\u2019elle entretient avec la patrouille, avec des adolescents et jeunes adultes qui viendront rencontrer et \u00e9changer avec les pilotes.<\/p>\n<p>\u00ab\u00a0La Patrouille de France nous a invit\u00e9s \u00e0 reformuler une demande de passage. Ils essaieront de venir lorsqu\u2019ils ne voleront pas tr\u00e8s loin\u00a0\u00bb, se console Bernard Laroche qui se r\u00e9jouissait de ce survol exceptionnel organis\u00e9 par ELLyE pour sensibiliser le grand public, en ce mois de septembre, aux cancers du sang.<\/p>\n<p>D\u2019autres manifestations, conf\u00e9rence, randonn\u00e9e, sont pr\u00e9vues les 12, 14 et 27\u00a0septembre, pour mieux faire conna\u00eetre ces maladies.<\/p>\n","protected":false},"excerpt":{"rendered":"Ils devront attendre l\u2019ann\u00e9e prochaine. Comme tous les patients, personnels soignants, b\u00e9n\u00e9voles, Bernard Laroche, coordinateur r\u00e9gional pour la&hellip;\n","protected":false},"author":2,"featured_media":380244,"comment_status":"","ping_status":"","sticky":false,"template":"","format":"standard","meta":{"footnotes":""},"categories":[9653],"tags":[1111,11,2430,7539,1777,674,1011,27,3367,12,25,4001,7538,71],"class_list":{"0":"post-380243","1":"post","2":"type-post","3":"status-publish","4":"format-standard","5":"has-post-thumbnail","7":"category-saint-etienne","8":"tag-actu","9":"tag-actualites","10":"tag-auvergne-rhone-alpes","11":"tag-edition-loire-sud","12":"tag-eu","13":"tag-europe","14":"tag-fr","15":"tag-france","16":"tag-loire","17":"tag-news","18":"tag-republique-francaise","19":"tag-saint-etienne","20":"tag-saint-etienne-ville","21":"tag-sante"},"share_on_mastodon":{"url":"https:\/\/pubeurope.com\/@fr\/115180005164011144","error":""},"_links":{"self":[{"href":"https:\/\/www.europesays.com\/fr\/wp-json\/wp\/v2\/posts\/380243","targetHints":{"allow":["GET"]}}],"collection":[{"href":"https:\/\/www.europesays.com\/fr\/wp-json\/wp\/v2\/posts"}],"about":[{"href":"https:\/\/www.europesays.com\/fr\/wp-json\/wp\/v2\/types\/post"}],"author":[{"embeddable":true,"href":"https:\/\/www.europesays.com\/fr\/wp-json\/wp\/v2\/users\/2"}],"replies":[{"embeddable":true,"href":"https:\/\/www.europesays.com\/fr\/wp-json\/wp\/v2\/comments?post=380243"}],"version-history":[{"count":0,"href":"https:\/\/www.europesays.com\/fr\/wp-json\/wp\/v2\/posts\/380243\/revisions"}],"wp:featuredmedia":[{"embeddable":true,"href":"https:\/\/www.europesays.com\/fr\/wp-json\/wp\/v2\/media\/380244"}],"wp:attachment":[{"href":"https:\/\/www.europesays.com\/fr\/wp-json\/wp\/v2\/media?parent=380243"}],"wp:term":[{"taxonomy":"category","embeddable":true,"href":"https:\/\/www.europesays.com\/fr\/wp-json\/wp\/v2\/categories?post=380243"},{"taxonomy":"post_tag","embeddable":true,"href":"https:\/\/www.europesays.com\/fr\/wp-json\/wp\/v2\/tags?post=380243"}],"curies":[{"name":"wp","href":"https:\/\/api.w.org\/{rel}","templated":true}]}}