{"id":380245,"date":"2025-09-10T12:29:11","date_gmt":"2025-09-10T12:29:11","guid":{"rendered":"https:\/\/www.europesays.com\/fr\/380245\/"},"modified":"2025-09-10T12:29:11","modified_gmt":"2025-09-10T12:29:11","slug":"les-socios-verts-levent-plus-de-120-000-euros-pour-entrer-au-capital-de-las-saint-etienne","status":"publish","type":"post","link":"https:\/\/www.europesays.com\/fr\/380245\/","title":{"rendered":"Les Socios Verts l\u00e8vent plus de 120\u00a0000\u00a0euros pour entrer au capital de l\u2019AS Saint-Etienne"},"content":{"rendered":"<p melodystyle=\"texte\">Objectif atteint pour les Socios Verts. L\u2019association fond\u00e9e il y a quatre ans par Thierry Simonet ambitionnait d\u2019entrer au capital de la SASP ASSE Loire, propri\u00e9taire de l\u2019AS Saint-Etienne. C\u2019est d\u00e9sormais chose faite puisque le collectif est parvenu \u00e0 r\u00e9colter les 120 000 euros n\u00e9cessaires au rachat des 13 500 parts de l\u2019ancien directeur g\u00e9n\u00e9ral du club Vincent Tong-Cuong.<\/p>\n<p melodystyle=\"texte\">Pour acqu\u00e9rir les parts de ce petit porteur \u2014 qui repr\u00e9sentent 0,1 % du capital du club -, les Socios Verts avaient lanc\u00e9, le 19 ao\u00fbt, une lev\u00e9e de fonds de 150 000 euros aupr\u00e8s des supporters. \u00ab\u00a0120 000 euros seront utilis\u00e9s pour le rachat des parts et 30 000 euros seront d\u00e9di\u00e9s aux frais de fonctionnement de l\u2019association\u00a0\u00bb, avait pr\u00e9cis\u00e9 Julien B\u00e9al, vice-pr\u00e9sident de Socios Verts. L\u2019association pr\u00e9sid\u00e9e par J\u00e9r\u00e9my Chatonnier avait pr\u00e9alablement (le 12 ao\u00fbt) obtenu la validation par le conseil d\u2019administration du club de l\u2019agr\u00e9ment de cession des parts de Vincent Tong Cuong.<\/p>\n<p>Pas de si\u00e8ge au conseil d\u2019administration<\/p>\n<p melodystyle=\"texte\">Les Socios Verts vont d\u00e9sormais pouvoir participer \u00e0 l\u2019assembl\u00e9e g\u00e9n\u00e9rale des actionnaires, mais ils ne si\u00e9geront pas au conseil d\u2019administration du club rachet\u00e9 \u00e0 l\u2019\u00e9t\u00e9 2025 par le groupe canadien Kilmer Sports Ventures et pr\u00e9sid\u00e9 depuis par Ivan Gazidis.<\/p>\n<p melodystyle=\"texte\">\u00c0 l\u2019origine, les Socios Verts ambitionnaient d\u2019acqu\u00e9rir 5 % du capital de leur club de c\u0153ur mais depuis son arriv\u00e9e \u00e0 la t\u00eate du club, Kilmer Sports Ventures a proc\u00e9d\u00e9 \u00e0 deux augmentations de capital. La derni\u00e8re en date, r\u00e9alis\u00e9e le 11, a permis \u00e0 la SASP ASSE Loire de voir son capital passer de 34,3 millions d\u2019euros \u00e0 69,9 millions d\u2019euros. \u00ab\u00a0L\u2019actionnariat a \u00e9t\u00e9 extr\u00eamement dilu\u00e9. Ce qui explique que nous soyons aujourd\u2019hui sur un projet de rachat de 0,1 % des parts contre 5 % dans notre projet initial\u00a0\u00bb, avait pr\u00e9cis\u00e9 Julien B\u00e9al, lors du lancement de la campagne de souscription sur HelloAsso.<\/p>\n<p>Plus 4 200 supporters se sont mobilis\u00e9s<\/p>\n<p melodystyle=\"texte\">Plus de 4 200 supporters ont particip\u00e9 \u00e0 la lev\u00e9e de fonds, qui se termine officiellement ce vendredi 12 septembre. Selon Julien B\u00e9al, \u00ab\u00a0les donateurs viennent de toute la France, d\u00e9partements et r\u00e9gions d\u2019Outre-Mer compris, et comptent des grands noms du football, avec des internationaux pass\u00e9s par l\u2019AS Saint-Etienne tels que Michel Platini, Jean-Michel Larqu\u00e9 ou Lubomir Moravcik\u00a0\u00bb.<\/p>\n","protected":false},"excerpt":{"rendered":"Objectif atteint pour les Socios Verts. L\u2019association fond\u00e9e il y a quatre ans par Thierry Simonet ambitionnait d\u2019entrer&hellip;\n","protected":false},"author":2,"featured_media":380246,"comment_status":"","ping_status":"","sticky":false,"template":"","format":"standard","meta":{"footnotes":""},"categories":[9653],"tags":[1111,11,2430,1777,674,1011,27,12,25,4001],"class_list":{"0":"post-380245","1":"post","2":"type-post","3":"status-publish","4":"format-standard","5":"has-post-thumbnail","7":"category-saint-etienne","8":"tag-actu","9":"tag-actualites","10":"tag-auvergne-rhone-alpes","11":"tag-eu","12":"tag-europe","13":"tag-fr","14":"tag-france","15":"tag-news","16":"tag-republique-francaise","17":"tag-saint-etienne"},"share_on_mastodon":{"url":"https:\/\/pubeurope.com\/@fr\/115180009116132276","error":""},"_links":{"self":[{"href":"https:\/\/www.europesays.com\/fr\/wp-json\/wp\/v2\/posts\/380245","targetHints":{"allow":["GET"]}}],"collection":[{"href":"https:\/\/www.europesays.com\/fr\/wp-json\/wp\/v2\/posts"}],"about":[{"href":"https:\/\/www.europesays.com\/fr\/wp-json\/wp\/v2\/types\/post"}],"author":[{"embeddable":true,"href":"https:\/\/www.europesays.com\/fr\/wp-json\/wp\/v2\/users\/2"}],"replies":[{"embeddable":true,"href":"https:\/\/www.europesays.com\/fr\/wp-json\/wp\/v2\/comments?post=380245"}],"version-history":[{"count":0,"href":"https:\/\/www.europesays.com\/fr\/wp-json\/wp\/v2\/posts\/380245\/revisions"}],"wp:featuredmedia":[{"embeddable":true,"href":"https:\/\/www.europesays.com\/fr\/wp-json\/wp\/v2\/media\/380246"}],"wp:attachment":[{"href":"https:\/\/www.europesays.com\/fr\/wp-json\/wp\/v2\/media?parent=380245"}],"wp:term":[{"taxonomy":"category","embeddable":true,"href":"https:\/\/www.europesays.com\/fr\/wp-json\/wp\/v2\/categories?post=380245"},{"taxonomy":"post_tag","embeddable":true,"href":"https:\/\/www.europesays.com\/fr\/wp-json\/wp\/v2\/tags?post=380245"}],"curies":[{"name":"wp","href":"https:\/\/api.w.org\/{rel}","templated":true}]}}