{"id":380247,"date":"2025-09-10T12:30:24","date_gmt":"2025-09-10T12:30:24","guid":{"rendered":"https:\/\/www.europesays.com\/fr\/380247\/"},"modified":"2025-09-10T12:30:24","modified_gmt":"2025-09-10T12:30:24","slug":"les-eleves-de-la-maison-gauthier-presentent-leurs-travaux","status":"publish","type":"post","link":"https:\/\/www.europesays.com\/fr\/380247\/","title":{"rendered":"Les \u00e9l\u00e8ves de la maison Gauthier pr\u00e9sentent leurs travaux"},"content":{"rendered":"<p>L\u2019exposition est une premi\u00e8re, elle pr\u00e9sente les travaux d\u2019une centaine d\u2019\u00e9l\u00e8ves qui fr\u00e9quentent les ateliers du 101 dans la maison de Nicole Gauthier.<\/p>\n<p>V\u00e9ritable petite acad\u00e9mie, tous les arts y sont repr\u00e9sent\u00e9s, de la gravure \u00e0 la taille de pierre en passant par le pastel, le dessin de mod\u00e8le vivant ou les techniques de peinture.<\/p>\n<p>Cet \u00e9v\u00e8nement est tr\u00e8s attendu par les \u00e9l\u00e8ves. Les visiteurs auront le plaisir de visiter la maison et le jardin de la c\u00e9l\u00e8bre donatrice, de rencontrer les artistes intervenant dans les ateliers pour transmettre leur passion et leur savoir-faire, ainsi que le comit\u00e9 de l\u2019association des artistes Lorrains, plus que centenaire.<\/p>\n<p class=\"note\">Vendredi\u00a019 et samedi 20\u00a0septembre de 14\u00a0h \u00e0 19\u00a0h. Association des Artistes lorrains 101, avenue de Strasbourg \u00e0 Nancy.<\/p>\n","protected":false},"excerpt":{"rendered":"L\u2019exposition est une premi\u00e8re, elle pr\u00e9sente les travaux d\u2019une centaine d\u2019\u00e9l\u00e8ves qui fr\u00e9quentent les ateliers du 101 dans&hellip;\n","protected":false},"author":2,"featured_media":380248,"comment_status":"","ping_status":"","sticky":false,"template":"","format":"standard","meta":{"footnotes":""},"categories":[9635],"tags":[1111,11,1687,1704,1777,674,2271,1011,27,775,1702,1703,12,25],"class_list":{"0":"post-380247","1":"post","2":"type-post","3":"status-publish","4":"format-standard","5":"has-post-thumbnail","7":"category-nancy","8":"tag-actu","9":"tag-actualites","10":"tag-culture-loisirs","11":"tag-edition-nancy-et-agglomeration","12":"tag-eu","13":"tag-europe","14":"tag-exposition-arts-plastiques","15":"tag-fr","16":"tag-france","17":"tag-grand-est","18":"tag-nancy","19":"tag-nancy-ville-54b","20":"tag-news","21":"tag-republique-francaise"},"share_on_mastodon":{"url":"https:\/\/pubeurope.com\/@fr\/115180013141762455","error":""},"_links":{"self":[{"href":"https:\/\/www.europesays.com\/fr\/wp-json\/wp\/v2\/posts\/380247","targetHints":{"allow":["GET"]}}],"collection":[{"href":"https:\/\/www.europesays.com\/fr\/wp-json\/wp\/v2\/posts"}],"about":[{"href":"https:\/\/www.europesays.com\/fr\/wp-json\/wp\/v2\/types\/post"}],"author":[{"embeddable":true,"href":"https:\/\/www.europesays.com\/fr\/wp-json\/wp\/v2\/users\/2"}],"replies":[{"embeddable":true,"href":"https:\/\/www.europesays.com\/fr\/wp-json\/wp\/v2\/comments?post=380247"}],"version-history":[{"count":0,"href":"https:\/\/www.europesays.com\/fr\/wp-json\/wp\/v2\/posts\/380247\/revisions"}],"wp:featuredmedia":[{"embeddable":true,"href":"https:\/\/www.europesays.com\/fr\/wp-json\/wp\/v2\/media\/380248"}],"wp:attachment":[{"href":"https:\/\/www.europesays.com\/fr\/wp-json\/wp\/v2\/media?parent=380247"}],"wp:term":[{"taxonomy":"category","embeddable":true,"href":"https:\/\/www.europesays.com\/fr\/wp-json\/wp\/v2\/categories?post=380247"},{"taxonomy":"post_tag","embeddable":true,"href":"https:\/\/www.europesays.com\/fr\/wp-json\/wp\/v2\/tags?post=380247"}],"curies":[{"name":"wp","href":"https:\/\/api.w.org\/{rel}","templated":true}]}}