{"id":380249,"date":"2025-09-10T12:31:09","date_gmt":"2025-09-10T12:31:09","guid":{"rendered":"https:\/\/www.europesays.com\/fr\/380249\/"},"modified":"2025-09-10T12:31:09","modified_gmt":"2025-09-10T12:31:09","slug":"le-monde-de-lhorticulture-est-en-deuil","status":"publish","type":"post","link":"https:\/\/www.europesays.com\/fr\/380249\/","title":{"rendered":"Le monde de l\u2019horticulture est en deuil"},"content":{"rendered":"<p>            Par<br \/>\n        <strong><br \/>\n            <a href=\"https:\/\/actu.fr\/auteur\/emil-vautrin\" title=\"Consulter tous les articles de Emil Vautrin\" rel=\"nofollow noopener\" target=\"_blank\">Emil Vautrin<\/a><br \/>\n        <\/strong><\/p>\n<p>        Publi\u00e9 le<\/p>\n<p>            10 sept. 2025 \u00e0 13h42        <\/p>\n<p>Vendredi 5 septembre, <strong>Pierre Valck s\u2019est \u00e9teint \u00e0 l\u2019\u00e2ge de 94 ans<\/strong>. Il \u00e9tait l\u2019un des fondateurs du <strong>jardin botanique<\/strong> de <a href=\"https:\/\/actu.fr\/grand-est\/nancy_54395\" rel=\"nofollow noopener\" target=\"_blank\">Nancy<\/a> (aujourd\u2019hui jardin Dominique-Alexandre Godron, pr\u00e8s de l\u2019aquarium).<\/p>\n<p class=\" wall-content\">Il a \u00e9galement \u00e9t\u00e9 directeur du jardin botanique Jean-Marie Pelt, r\u00e9cent lieu de floraison d\u2019un <a href=\"https:\/\/actu.fr\/grand-est\/villers-les-nancy_54578\/jardin-botanique-de-nancy-voici-quand-devrait-fleurir-ce-phallus-de-titan-mesurant-plus-de-2-metres_62973178.html\" rel=\"nofollow noopener\" target=\"_blank\">phallus de titan de 2,16 m\u00e8tres<\/a>.<\/p>\n<p>Un hommage rendu au parc de la P\u00e9pini\u00e8re<\/p>\n<p class=\" wall-content\">Lors de l\u2019\u00e9v\u00e9nement P\u00e9pini\u00e8re en vert, qui s\u2019est tenu les 6 et 7 septembre \u00e0 Nancy, un hommage a \u00e9t\u00e9 rendu \u00e0 Pierre Valck.<\/p>\n<p class=\" wall-content\"><a href=\"https:\/\/actu.fr\/tag\/mathieu-klein\" rel=\"nofollow noopener\" target=\"_blank\">Mathieu Klein<\/a> lui a \u00e9galement rendu hommage sur ses r\u00e9seaux sociaux, saluant notamment \u00ab\u00a0<strong>son action d\u00e9terminante pour pr\u00e9server, d\u00e9velopper et faire conna\u00eetre l\u2019horticulture au plus grand nombre<\/strong>.\u00a0\u00bb<\/p>\n<p>    <a href=\"https:\/\/www.facebook.com\/plugins\/post.php?href=https%3A%2F%2Fwww.facebook.com%2Fmathieuklein.nancy%2Fposts%2Fpfbid0Nd9DsCjvgg4WST99h1BLdDnADCMnbB618PNcTjUepFUkS4P5dqZyBJs7Affc3Xc2l&amp;show_text=true&amp;width=350\" title=\"Ouvrie le lien\" rel=\"nofollow noopener\" target=\"_blank\">Cliquez ici pour visualiser le contenu<\/a><\/p>\n<p class=\" wall-content\">Selon les Jardins botaniques du <a href=\"https:\/\/actu.fr\/tag\/grand-nancy\" rel=\"nofollow noopener\" target=\"_blank\">Grand Nancy<\/a>, il \u00e9tait \u00e9galement \u00ab\u00a0<strong>tr\u00e8s impliqu\u00e9 dans de nombreuses organisations et associations<\/strong> li\u00e9es \u00e0 l\u2019\u00e9tude et \u00e0 la conservation des plantes.\u00a0\u00bb<\/p>\n<p class=\" wall-content\">\u00ab\u00a0<strong>Le monde de l\u2019horticulture est en deuil<\/strong>\u00ab\u00a0, a r\u00e9agi de son c\u00f4t\u00e9 la Soci\u00e9t\u00e9 d\u2019horticulture de Lun\u00e9ville.<\/p>\n<p class=\" wall-content\">Personnalisez votre actualit\u00e9 en ajoutant vos villes et m\u00e9dias en favori avec <a href=\"https:\/\/moncompte.actu.fr\" title=\"D\u00e9couvez Mon Actu\" rel=\"nofollow noopener\" data-trk=\"{&quot;cta&quot;:{&quot;action&quot;:&quot;https:\\\/\\\/moncompte.actu.fr&quot;,&quot;category&quot;:&quot;mon compte&quot;,&quot;from&quot;:&quot;article footer&quot;,&quot;name&quot;:&quot;Mon actu&quot;,&quot;type&quot;:&quot;cta&quot;}}\" target=\"_blank\">Mon Actu<\/a>.<\/p>\n","protected":false},"excerpt":{"rendered":"Par Emil Vautrin Publi\u00e9 le 10 sept. 2025 \u00e0 13h42 Vendredi 5 septembre, Pierre Valck s\u2019est \u00e9teint \u00e0&hellip;\n","protected":false},"author":2,"featured_media":380250,"comment_status":"","ping_status":"","sticky":false,"template":"","format":"standard","meta":{"footnotes":""},"categories":[9635],"tags":[1111,11,1777,674,118,1011,27,775,1702,12,25],"class_list":{"0":"post-380249","1":"post","2":"type-post","3":"status-publish","4":"format-standard","5":"has-post-thumbnail","7":"category-nancy","8":"tag-actu","9":"tag-actualites","10":"tag-eu","11":"tag-europe","12":"tag-faits-divers","13":"tag-fr","14":"tag-france","15":"tag-grand-est","16":"tag-nancy","17":"tag-news","18":"tag-republique-francaise"},"share_on_mastodon":{"url":"https:\/\/pubeurope.com\/@fr\/115180016943466838","error":""},"_links":{"self":[{"href":"https:\/\/www.europesays.com\/fr\/wp-json\/wp\/v2\/posts\/380249","targetHints":{"allow":["GET"]}}],"collection":[{"href":"https:\/\/www.europesays.com\/fr\/wp-json\/wp\/v2\/posts"}],"about":[{"href":"https:\/\/www.europesays.com\/fr\/wp-json\/wp\/v2\/types\/post"}],"author":[{"embeddable":true,"href":"https:\/\/www.europesays.com\/fr\/wp-json\/wp\/v2\/users\/2"}],"replies":[{"embeddable":true,"href":"https:\/\/www.europesays.com\/fr\/wp-json\/wp\/v2\/comments?post=380249"}],"version-history":[{"count":0,"href":"https:\/\/www.europesays.com\/fr\/wp-json\/wp\/v2\/posts\/380249\/revisions"}],"wp:featuredmedia":[{"embeddable":true,"href":"https:\/\/www.europesays.com\/fr\/wp-json\/wp\/v2\/media\/380250"}],"wp:attachment":[{"href":"https:\/\/www.europesays.com\/fr\/wp-json\/wp\/v2\/media?parent=380249"}],"wp:term":[{"taxonomy":"category","embeddable":true,"href":"https:\/\/www.europesays.com\/fr\/wp-json\/wp\/v2\/categories?post=380249"},{"taxonomy":"post_tag","embeddable":true,"href":"https:\/\/www.europesays.com\/fr\/wp-json\/wp\/v2\/tags?post=380249"}],"curies":[{"name":"wp","href":"https:\/\/api.w.org\/{rel}","templated":true}]}}