{"id":380256,"date":"2025-09-10T12:36:15","date_gmt":"2025-09-10T12:36:15","guid":{"rendered":"https:\/\/www.europesays.com\/fr\/380256\/"},"modified":"2025-09-10T12:36:15","modified_gmt":"2025-09-10T12:36:15","slug":"letudiante-en-droit-handicapee-qui-avait-ete-recalee-par-luniversite-de-rouen-se-fait-etriller-par-le-juge","status":"publish","type":"post","link":"https:\/\/www.europesays.com\/fr\/380256\/","title":{"rendered":"L\u2019\u00e9tudiante en droit handicap\u00e9e qui avait \u00e9t\u00e9 recal\u00e9e par l\u2019universit\u00e9 de Rouen se fait \u00e9triller par le juge"},"content":{"rendered":"<p class=\"paragraph text_align_left lp-f-body-02\">Elle contestait le refus de l\u2019universit\u00e9 de Rouen (Seine-Maritime) de l\u2019admettre en premi\u00e8re ann\u00e9e de licence de droit. La d\u00e9cision a \u00e9t\u00e9 publi\u00e9e ce mercredi 10 septembre: le juge des r\u00e9f\u00e9r\u00e9s du tribunal administratif de Rouen a d\u00e9bout\u00e9 cette \u00e9tudiante en droit handicap\u00e9e qui l\u2019avait saisi en urgence le 29 ao\u00fbt 2025.<\/p>\n<p class=\"paragraph text_align_left lp-f-body-02\">La requ\u00e9rante &#8211; qui r\u00e9clamait \u00ab une nouvelle session d\u2019examen \u00bb et 2 800 euros de frais de justice &#8211; avait pourtant un \u00ab doute s\u00e9rieux \u00bb sur la l\u00e9galit\u00e9 de la d\u00e9cision de l\u2019universit\u00e9 de Rouen Normandie : il lui \u00e9tait \u00ab impossible de s\u2019assurer de la r\u00e9gularit\u00e9 de la composition du jury \u00bb, selon son avocat, et \u00ab les modalit\u00e9s de proclamation des r\u00e9sultats n\u2019ont pas \u00e9t\u00e9 respect\u00e9es \u00bb.<\/p>\n<p class=\"paragraph text_align_left lp-f-body-02\">\u00ab Le calendrier des f\u00eates religieuses n\u2019a pas \u00e9t\u00e9 respect\u00e9 \u00bb, faisait-il aussi observer au juge des r\u00e9f\u00e9r\u00e9s. \u00ab Ses pathologies et handicap n\u2019ont pas \u00e9t\u00e9 pris en consid\u00e9ration. Son statut d\u2019\u00e9tudiant b\u00e9n\u00e9ficiant d\u2019un <a href=\"https:\/\/www.etudiant.gouv.fr\/fr\/regime-special-d-etudes-rse-1081\" rel=\"noopener\" target=\"_blank\">R\u00e9gime sp\u00e9cial d\u2019\u00e9tudes<\/a> (RSE) n\u2019a pas \u00e9t\u00e9 respect\u00e9 : une \u00e9preuve de substitution ne lui a pas \u00e9t\u00e9 propos\u00e9 \u00bb.<\/p>\n<p class=\"paragraph text_align_left lp-f-body-02\">\u00ab Mme XXX, \u00e9tudiante en droit au titre de l\u2019ann\u00e9e universitaire 2024-2025, est soumise \u00e0 un RSE en raison d\u2019un handicap visuel tr\u00e8s invalidant et suit les cours \u00e0 distance \u00bb, recontextualise d\u2019abord le juge des r\u00e9f\u00e9r\u00e9s du tribunal administratif de Rouen. \u00ab En r\u00e9alit\u00e9, ses besoins sont le tiers-temps et une personne pour l\u2019accompagner \u00e0 l\u2019int\u00e9rieur de la salle d\u2019examens. Une fois la copie en main, elle est tout \u00e0 fait capable de se d\u00e9brouiller seule. \u00bb<\/p>\n<p>Des \u00ab atermoiements \u00bb sans lien avec sa sant\u00e9 ou sa pratique religieuse<\/p>\n<p class=\"paragraph text_align_left lp-f-body-02\">\u00ab Si elle affirme avoir \u00e9t\u00e9 priv\u00e9e des am\u00e9nagements que n\u00e9cessite son \u00e9tat (&#8230;), la seule circonstance qu\u2019une personne de sa famille n\u2019aurait pas \u00e9t\u00e9 autoris\u00e9e \u00e0 l\u2019accompagner pour entrer dans la salle n\u2019explique donc pas son \u00e9chec \u00bb, consid\u00e8re dans ces conditions le juge des r\u00e9f\u00e9r\u00e9s du tribunal administratif de Rouen. \u00ab Ses atermoiements quant \u00e0 sa participation aux \u00e9preuves d\u2019avril 2025 ne sont pas davantage justifi\u00e9s par des circonstances li\u00e9es \u00e0 son \u00e9tat de sant\u00e9, ni d\u2019ailleurs \u00e0 sa pratique religieuse. \u00bb<\/p>\n<p class=\"paragraph text_align_left lp-f-body-02\">Aucun des \u00ab messages \u00e9lectroniques \u00bb \u00e9chang\u00e9s avec l\u2019universit\u00e9 de Rouen Normandie en avril 2025 ne confirme en effet cette \u00ab impossibilit\u00e9 \u00bb de participer aux \u00e9preuves \u00ab de la seconde chance \u00bb les 2 et 3 juin 2025, m\u00eame si ce motif \u00ab fond\u00e9 sur l\u2019observance d\u2019une f\u00eate religieuse \u00bb est \u00ab dor\u00e9navant \u00e9voqu\u00e9 devant la juridiction \u00bb administrative, s\u2019agace le magistrat.<\/p>\n<p class=\"paragraph text_align_left lp-f-body-02\">\u00ab Les circonstances dans lesquelles aucune des trois sessions d\u2019examen n\u2019a pu aboutir (&#8230;) n\u2019appara\u00eet pas imputables exclusivement au comportement de l\u2019administration \u00bb, en d\u00e9duit-il donc. \u00ab Au surplus, la saisine de la juridiction pr\u00e8s de deux mois apr\u00e8s la proclamation des r\u00e9sultats et pr\u00e8s de trois mois apr\u00e8s les \u00e9preuves de seconde chance appara\u00eet incompatible avec l\u2019urgence invoqu\u00e9e. \u00bb Enfin, \u00ab si la requ\u00e9rante a \u00e9t\u00e9 ajourn\u00e9e, elle n\u2019\u00e9tablit pas \u00eatre interdite de s\u2019inscrire \u00e0 nouveau \u00bb, fait au demeurant observer le juge.<\/p>\n<p class=\"paragraph text_align_left lp-f-body-02\">Le tribunal administratif de Rouen r\u00e9examinera d\u00e9sormais la requ\u00eate en formation coll\u00e9giale de trois juges, mais pas avant plusieurs mois. Si l\u2019\u00e9tudiante en droit venait \u00e0 faire reconna\u00eetre l\u2019ill\u00e9galit\u00e9 de cette d\u00e9cision, alors elle serait en droit d\u2019introduire une nouvelle requ\u00eate pour \u00eatre cette fois-ci indemnis\u00e9e de ses divers \u00ab pr\u00e9judices \u00bb.<\/p>\n","protected":false},"excerpt":{"rendered":"Elle contestait le refus de l\u2019universit\u00e9 de Rouen (Seine-Maritime) de l\u2019admettre en premi\u00e8re ann\u00e9e de licence de droit.&hellip;\n","protected":false},"author":2,"featured_media":380257,"comment_status":"","ping_status":"","sticky":false,"template":"","format":"standard","meta":{"footnotes":""},"categories":[9587],"tags":[1111,917,11,459,1777,674,1011,27,12,5161,25,9590,11074,104],"class_list":{"0":"post-380256","1":"post","2":"type-post","3":"status-publish","4":"format-standard","5":"has-post-thumbnail","7":"category-rouen","8":"tag-actu","9":"tag-actu-locale","10":"tag-actualites","11":"tag-departements-horsidfo","12":"tag-eu","13":"tag-europe","14":"tag-fr","15":"tag-france","16":"tag-news","17":"tag-normandie","18":"tag-republique-francaise","19":"tag-rouen","20":"tag-seine-maritime-76","21":"tag-societe"},"share_on_mastodon":{"url":"https:\/\/pubeurope.com\/@fr\/115180036682147888","error":""},"_links":{"self":[{"href":"https:\/\/www.europesays.com\/fr\/wp-json\/wp\/v2\/posts\/380256","targetHints":{"allow":["GET"]}}],"collection":[{"href":"https:\/\/www.europesays.com\/fr\/wp-json\/wp\/v2\/posts"}],"about":[{"href":"https:\/\/www.europesays.com\/fr\/wp-json\/wp\/v2\/types\/post"}],"author":[{"embeddable":true,"href":"https:\/\/www.europesays.com\/fr\/wp-json\/wp\/v2\/users\/2"}],"replies":[{"embeddable":true,"href":"https:\/\/www.europesays.com\/fr\/wp-json\/wp\/v2\/comments?post=380256"}],"version-history":[{"count":0,"href":"https:\/\/www.europesays.com\/fr\/wp-json\/wp\/v2\/posts\/380256\/revisions"}],"wp:featuredmedia":[{"embeddable":true,"href":"https:\/\/www.europesays.com\/fr\/wp-json\/wp\/v2\/media\/380257"}],"wp:attachment":[{"href":"https:\/\/www.europesays.com\/fr\/wp-json\/wp\/v2\/media?parent=380256"}],"wp:term":[{"taxonomy":"category","embeddable":true,"href":"https:\/\/www.europesays.com\/fr\/wp-json\/wp\/v2\/categories?post=380256"},{"taxonomy":"post_tag","embeddable":true,"href":"https:\/\/www.europesays.com\/fr\/wp-json\/wp\/v2\/tags?post=380256"}],"curies":[{"name":"wp","href":"https:\/\/api.w.org\/{rel}","templated":true}]}}