{"id":380260,"date":"2025-09-10T12:41:11","date_gmt":"2025-09-10T12:41:11","guid":{"rendered":"https:\/\/www.europesays.com\/fr\/380260\/"},"modified":"2025-09-10T12:41:11","modified_gmt":"2025-09-10T12:41:11","slug":"le-point-sur-les-perturbations-de-la-journee","status":"publish","type":"post","link":"https:\/\/www.europesays.com\/fr\/380260\/","title":{"rendered":"le point sur les perturbations de la journ\u00e9e"},"content":{"rendered":"<p>            Par<br \/>\n        <strong><br \/>\n            <a href=\"https:\/\/actu.fr\/auteur\/lisa-rodrigues\" title=\"Consulter tous les articles de Lisa Rodrigues\" target=\"_blank\" rel=\"noopener\">Lisa Rodrigues<\/a><br \/>\n        <\/strong><\/p>\n<p>        Publi\u00e9 le<\/p>\n<p>            10 sept. 2025 \u00e0 14h08<br \/>\n        ; mis \u00e0 jour le 10 sept. 2025 \u00e0 14h31    <\/p>\n<p>Pour la journ\u00e9e de mobilisation du 10 septembre, plusieurs <strong>actions de blocage<\/strong> \u00e9taient pr\u00e9vues \u00e0 <a href=\"https:\/\/actu.fr\/auvergne-rhone-alpes\/grenoble_38185\" target=\"_blank\" rel=\"noopener\">Grenoble<\/a> et en Is\u00e8re.\u00a0Dans la capitale des Alpes, des barrages filtrants ont \u00e9t\u00e9 d\u00e9ploy\u00e9s aux entr\u00e9es de la ville d\u00e8s 6h30 par les manifestants.<\/p>\n<p class=\" wall-content\">\u00c0 la mi-journ\u00e9e, le <strong>mouvement \u00ab\u00a0Bloquons tout\u00a0\u00bb<\/strong>, qui se veut apartisan et hors syndicats, reste pr\u00e9sent dans la ville. On fait le point sur les perturbations en cours et les rendez-vous \u00e0 venir dans l\u2019apr\u00e8s-midi.<\/p>\n<p>Les blocages lev\u00e9s<\/p>\n<p class=\" wall-content\">D\u00e8s 6h30, les manifestants ont mont\u00e9 <a href=\"https:\/\/actu.fr\/auvergne-rhone-alpes\/grenoble_38185\/bloquons-tout-a-grenoble-les-premiers-barrages-sont-en-place-la-circulation-au-ralenti_63138626.html\" target=\"_blank\" rel=\"noopener\">quatre principaux barrages filtrants routiers<\/a>, au niveau de Porte de France, sur le pont de Catane, sur le boulevard Jean-Pain et au niveau du rond-point d\u2019IKEA, sous \u00e9troite surveillance des forces de l\u2019ordre.<\/p>\n<p class=\" wall-content\">Assez rapidement, les policiers ont d\u00e9log\u00e9 les participants, qui ont tent\u00e9 de rester une partie de la matin\u00e9e. Peu avant 11 heures, seul celui d\u2019IKEA \u00e9tait encore actif. Une partie des membres du mouvement grenoblois se sont aussi regroup\u00e9s au niveau du boulevard Jean-Pain pour des <strong>op\u00e9rations de tractage<\/strong> aupr\u00e8s des automobilistes. Tous ont finalement \u00e9t\u00e9 \u00e9vacu\u00e9s \u00e0 la mi-journ\u00e9e, d\u2019apr\u00e8s les autorit\u00e9s.<\/p>\n<p>    <a href=\"https:\/\/www.google.com\/maps\/embed?pb=!1m18!1m12!1m3!1d2812.00516095111!2d5.7335234761354394!3d45.186991771070765!2m3!1f0!2f0!3f0!3m2!1i1024!2i768!4f13.1!3m3!1m2!1s0x478af4f3b8e1ead1%3A0x1b149f2fb8fc0001!2sBd%20Jean%20Pain%2C%2038000%20Grenoble!5e0!3m2!1sfr!2sfr!4v1757504552440!5m2!1sfr!2sfr\" title=\"Ouvrie le lien\" target=\"_blank\" rel=\"noopener\">Cliquez ici pour visualiser le contenu<\/a><\/p>\n<p class=\" wall-content\">La circulation est <strong>redevenue normale<\/strong> sur l\u2019agglom\u00e9ration \u00e0 14 heures, d\u2019apr\u00e8s le dernier point de la pr\u00e9fecture de l\u2019Is\u00e8re.<\/p>\n<p class=\" wall-content\">\n<p class=\" wall-content\">D\u2019autres actions de blocages et de manifestations ont aussi \u00e9t\u00e9 signal\u00e9es \u00e0 Lans-en-Vercors, <a href=\"https:\/\/actu.fr\/auvergne-rhone-alpes\/vienne_38544\" target=\"_blank\" rel=\"noopener\">Vienne<\/a> ou \u00e0 <a href=\"https:\/\/actu.fr\/auvergne-rhone-alpes\/voiron_38563\" target=\"_blank\" rel=\"noopener\">Voiron<\/a>.<\/p>\n<p>Votre r\u00e9gion, votre actu !<\/p>\n<p>Recevez chaque jour les infos qui comptent pour vous.<\/p>\n<p>\t<a href=\"https:\/\/actu.fr\/newsletter\" class=\"ac-btn ac-btn--corner ac-btn--medium ac-btn--blue800\" target=\"_blank\" rel=\"noopener\">S&rsquo;incrire<\/a><br \/>\nQuelques interpellations signal\u00e9es<\/p>\n<p class=\" wall-content\">Sans surprise, les forces de l\u2019ordre \u00e9taient pr\u00e9sentes en nombre sur l\u2019agglom\u00e9ration pour la journ\u00e9e. La pr\u00e9fecture de l\u2019Is\u00e8re a ainsi d\u00e9ploy\u00e9 un <a href=\"https:\/\/actu.fr\/auvergne-rhone-alpes\/grenoble_38185\/bloquons-tout-le-10-septembre-a-grenoble-et-en-isere-voici-le-dispositif-de-securite-xxl_63137649.html\" target=\"_blank\" rel=\"noopener\">effectif de 700 policiers et gendarmes<\/a> sur l\u2019ensemble du d\u00e9partement.<\/p>\n<p class=\" wall-content\">Une cinquantaine de gendarmes \u00e9tait d\u00e9j\u00e0 visible dans le nord du d\u00e9partement, \u00e0 l\u2019entr\u00e9e de la <a href=\"https:\/\/actu.fr\/auvergne-rhone-alpes\/grenoble_38185\/bloquons-tout-a-grenoble-les-premiers-barrages-sont-en-place-la-circulation-au-ralenti_63138626.html\" target=\"_blank\" rel=\"noopener\">zone logistique de Saint-Quentin-Fallavier,<\/a> o\u00f9 au plus fort de la matin\u00e9e environ 150 manifestants se sont r\u00e9unis pour une op\u00e9ration de barrage filtrant en sortie de l\u2019A43.\u00a0<\/p>\n<p class=\" wall-content\">\u00c0 Grenoble, les forces de l\u2019ordre sont aussi largement d\u00e9ploy\u00e9es sur l\u2019agglom\u00e9ration. Selon les manifestants, quelques interpellations ont eu lieu depuis le d\u00e9but de la journ\u00e9e sur les diff\u00e9rents points de blocage matinaux de la ville.\u00a0<\/p>\n<p>Manifestation en centre-ville de Grenoble \u00e0 16 heures<\/p>\n<p class=\" wall-content\">Le prochain grand rendez-vous pour le mouvement \u00ab\u00a0Bloquons tout\u00a0\u00bb est donn\u00e9 \u00e0 16 heures avec la manifestation au d\u00e9part de la place Victor-Hugo.<\/p>\n<p>    <a href=\"https:\/\/www.google.com\/maps\/embed?pb=!1m18!1m12!1m3!1d2811.888539635673!2d5.721607376135595!3d45.18935247107075!2m3!1f0!2f0!3f0!3m2!1i1024!2i768!4f13.1!3m3!1m2!1s0x478af48ed524b72b%3A0xf53f94cb1892e64c!2sPl.%20Victor%20Hugo%2C%2038000%20Grenoble!5e0!3m2!1sfr!2sfr!4v1757504800713!5m2!1sfr!2sfr\" title=\"Ouvrie le lien\" target=\"_blank\" rel=\"noopener\">Cliquez ici pour visualiser le contenu<\/a><\/p>\n<p class=\" wall-content\">Le cort\u00e8ge devrait ensuite emprunter le boulevard Gambetta, les quais de l\u2019Is\u00e8re, la place Notre-Dame et \u00e0 proximit\u00e9 de la pr\u00e9fecture, avant de rejoindre le parc Paul-Mistral pour une assembl\u00e9e g\u00e9n\u00e9rale en toute fin de journ\u00e9e.\u00a0<\/p>\n<p class=\" wall-content\">Des <strong>perturbations dans les transports en commun<\/strong> sont \u00e0 pr\u00e9voir le temps de la manifestation, notamment du c\u00f4t\u00e9 des tramways, \u00e0 partir de 15h30.<\/p>\n<p class=\" wall-content\">Personnalisez votre actualit\u00e9 en ajoutant vos villes et m\u00e9dias en favori avec <a href=\"https:\/\/moncompte.actu.fr\" title=\"D\u00e9couvez Mon Actu\" rel=\"nofollow noopener\" data-trk=\"{&quot;cta&quot;:{&quot;action&quot;:&quot;https:\\\/\\\/moncompte.actu.fr&quot;,&quot;category&quot;:&quot;mon compte&quot;,&quot;from&quot;:&quot;article footer&quot;,&quot;name&quot;:&quot;Mon actu&quot;,&quot;type&quot;:&quot;cta&quot;}}\" target=\"_blank\">Mon Actu<\/a>.<\/p>\n","protected":false},"excerpt":{"rendered":"Par Lisa Rodrigues Publi\u00e9 le 10 sept. 2025 \u00e0 14h08 ; mis \u00e0 jour le 10 sept. 2025&hellip;\n","protected":false},"author":2,"featured_media":380261,"comment_status":"","ping_status":"","sticky":false,"template":"","format":"standard","meta":{"footnotes":""},"categories":[9566],"tags":[1111,11,2430,47212,1777,674,1011,27,2731,50957,12,1072,25,104],"class_list":{"0":"post-380260","1":"post","2":"type-post","3":"status-publish","4":"format-standard","5":"has-post-thumbnail","7":"category-grenoble","8":"tag-actu","9":"tag-actualites","10":"tag-auvergne-rhone-alpes","11":"tag-bloquons-tout","12":"tag-eu","13":"tag-europe","14":"tag-fr","15":"tag-france","16":"tag-grenoble","17":"tag-mouvement-du-10-septembre","18":"tag-news","19":"tag-police","20":"tag-republique-francaise","21":"tag-societe"},"share_on_mastodon":{"url":"https:\/\/pubeurope.com\/@fr\/115180056433542325","error":""},"_links":{"self":[{"href":"https:\/\/www.europesays.com\/fr\/wp-json\/wp\/v2\/posts\/380260","targetHints":{"allow":["GET"]}}],"collection":[{"href":"https:\/\/www.europesays.com\/fr\/wp-json\/wp\/v2\/posts"}],"about":[{"href":"https:\/\/www.europesays.com\/fr\/wp-json\/wp\/v2\/types\/post"}],"author":[{"embeddable":true,"href":"https:\/\/www.europesays.com\/fr\/wp-json\/wp\/v2\/users\/2"}],"replies":[{"embeddable":true,"href":"https:\/\/www.europesays.com\/fr\/wp-json\/wp\/v2\/comments?post=380260"}],"version-history":[{"count":0,"href":"https:\/\/www.europesays.com\/fr\/wp-json\/wp\/v2\/posts\/380260\/revisions"}],"wp:featuredmedia":[{"embeddable":true,"href":"https:\/\/www.europesays.com\/fr\/wp-json\/wp\/v2\/media\/380261"}],"wp:attachment":[{"href":"https:\/\/www.europesays.com\/fr\/wp-json\/wp\/v2\/media?parent=380260"}],"wp:term":[{"taxonomy":"category","embeddable":true,"href":"https:\/\/www.europesays.com\/fr\/wp-json\/wp\/v2\/categories?post=380260"},{"taxonomy":"post_tag","embeddable":true,"href":"https:\/\/www.europesays.com\/fr\/wp-json\/wp\/v2\/tags?post=380260"}],"curies":[{"name":"wp","href":"https:\/\/api.w.org\/{rel}","templated":true}]}}