{"id":380264,"date":"2025-09-10T12:43:14","date_gmt":"2025-09-10T12:43:14","guid":{"rendered":"https:\/\/www.europesays.com\/fr\/380264\/"},"modified":"2025-09-10T12:43:14","modified_gmt":"2025-09-10T12:43:14","slug":"ce-que-lon-sait-du-bus-incendie-sur-la-rocade-de-rennes","status":"publish","type":"post","link":"https:\/\/www.europesays.com\/fr\/380264\/","title":{"rendered":"ce que l&rsquo;on sait du bus incendi\u00e9 sur la rocade de Rennes"},"content":{"rendered":"<p>            Par<br \/>\n        <strong><br \/>\n            <a href=\"https:\/\/actu.fr\/auteur\/laurene-fertin\" title=\"Consulter tous les articles de Laur\u00e8ne Fertin\" target=\"_blank\" rel=\"noopener\">Laur\u00e8ne Fertin<\/a><br \/>\n        <\/strong><\/p>\n<p>        Publi\u00e9 le<\/p>\n<p>            10 sept. 2025 \u00e0 14h12        <\/p>\n<p>C\u2019est l\u2019image qui a marqu\u00e9 les esprits, ce mercredi 10\u00a0septembre 2025, dans le cadre de la journ\u00e9e de mobilisation \u00ab\u2009Bloquons tout\u2009\u00bb.<strong>\u00a0Sur la rocade<\/strong> de Rennes, <strong>au niveau du pont pr\u00e8s de la porte d\u2019Alma,<\/strong> <strong>un bus<\/strong> a \u00e9t\u00e9 incendi\u00e9 sur les voies. Les sapeurs-pompiers ont proc\u00e9d\u00e9 \u00e0 son extinction \u00e0 l\u2019aide d\u2019un fourgon mousse grande puissance dans la matin\u00e9e \u2013 un gros dispositif, face \u00e0 l\u2019ampleur des flammes.<\/p>\n<p>Aucun passager \u00e0 bord<\/p>\n<p class=\" wall-content\">\u00ab\u2009Le conducteur est <strong>choqu\u00e9\u2009\u00bb,<\/strong> raconte Philippe Simon, chauffeur de bus et secr\u00e9taire du syndicat UNSA Keolis, gestionnaire du r\u00e9seau de transports en commun Star, \u00e0 Rennes. \u00ab\u2009Heureusement, il n\u2019a <strong>pas \u00e9t\u00e9 atteint physiquement.\u2009\u00bb<\/strong><\/p>\n<p class=\" wall-content\">Bloqu\u00e9 sur les voies alors que les manifestants occupaient la rocade, le bus s\u2019est en effet <strong>embras\u00e9.<\/strong> \u00c0 bord, <strong>aucun passager<\/strong>\u2009: la ligne 59 que conduisait le chauffeur quittait <strong>le d\u00e9p\u00f4t de Mivoie \u00e0 Saint-Jacques-de-la-Lande <\/strong>pour se rendre au terminus d\u2019Henri Fr\u00e9ville. \u00ab\u2009A priori, les manifestants seraient mont\u00e9s dans le bus et auraient demand\u00e9 au chauffeur d\u2019y descendre, avant d\u2019y mettre le feu\u2009\u00bb, pr\u00e9cise Philippe Simon.<\/p>\n<p>De gros d\u00e9g\u00e2ts sur les voies<\/p>\n<p class=\" wall-content\">La pr\u00e9fecture de Bretagne a fermement condamn\u00e9 l\u2019incendie, par voie de communiqu\u00e9 de presse.<\/p>\n<p class=\" wall-content\"><a href=\"https:\/\/www.instagram.com\/p\/DOauLiriNJY\/embed\" title=\"Ouvrir le lien sur Instagram\" target=\"_blank\" rel=\"noopener\">Visualiser le contenu sur Instagram<\/a><\/p>\n<p class=\" wall-content\">Sur place, en raison <strong>des d\u00e9gradations<\/strong> caus\u00e9es par le feu, les \u00e9quipes de la Direction interd\u00e9partementale des routes (DIR) Ouest ont proc\u00e9d\u00e9 \u00ab\u2009\u00e0 <strong>un diagnostic technique du pont<\/strong> afin de v\u00e9rifier son \u00e9tat\u2009\u00bb et \u00ab\u2009r\u00e9alis\u00e9 des r\u00e9parations sur les \u00e9quipements de la route avant de pouvoir rouvrir la circulation en toute s\u00e9curit\u00e9\u2009\u00bb.<\/p>\n<p>    <img   decoding=\"async\" loading=\"lazy\" src=\"https:\/\/www.europesays.com\/fr\/wp-content\/uploads\/2025\/09\/whatsapp-image-2025-09-10-at-111236-960x640.jpeg\" alt=\"xxx\" width=\"960\" height=\"640\"\/><br \/>\n    Les \u00e9quipes de la DIR Ouest se sont affair\u00e9es \u00e0 nettoyer la rocade. Celle-ci devrait rouvrir dans le courant de l\u2019apr\u00e8s-midi. (\u00a9Edgar Chaumond \/ actu Rennes)<\/p>\n<p>Votre r\u00e9gion, votre actu !<\/p>\n<p>Recevez chaque jour les infos qui comptent pour vous.<\/p>\n<p>\t<a href=\"https:\/\/actu.fr\/newsletter\" class=\"ac-btn ac-btn--corner ac-btn--medium ac-btn--blue800\" target=\"_blank\" rel=\"noopener\">S&rsquo;incrire<\/a><br \/>\nUn d\u00e9p\u00f4t de bus bloqu\u00e9<\/p>\n<p class=\" wall-content\">Par ailleurs, \u00e0 7h ce matin,<strong> le d\u00e9p\u00f4t de bus<\/strong> situ\u00e9 \u00e0 la plaine de Baud-Chardonnet a \u00e9t\u00e9 <strong>bloqu\u00e9.<\/strong> La Direction interd\u00e9partementale de la police nationale (DIPN) ainsi que le Service d\u00e9partemental d\u2019incendie et de secours proc\u00e9daient alors \u00e0 son \u00e9vacuation.<\/p>\n<p class=\" wall-content\">Mais vers 11h, ce dernier a \u00e9t\u00e9 <strong>une nouvelle fois bloqu\u00e9.<\/strong><\/p>\n<p class=\" wall-content\">Personnalisez votre actualit\u00e9 en ajoutant vos villes et m\u00e9dias en favori avec <a href=\"https:\/\/moncompte.actu.fr\" title=\"D\u00e9couvez Mon Actu\" rel=\"nofollow noopener\" data-trk=\"{&quot;cta&quot;:{&quot;action&quot;:&quot;https:\\\/\\\/moncompte.actu.fr&quot;,&quot;category&quot;:&quot;mon compte&quot;,&quot;from&quot;:&quot;article footer&quot;,&quot;name&quot;:&quot;Mon actu&quot;,&quot;type&quot;:&quot;cta&quot;}}\" target=\"_blank\">Mon Actu<\/a>.<\/p>\n<p>                    <script async src=\"\/\/www.instagram.com\/embed.js\"><\/script><\/p>\n","protected":false},"excerpt":{"rendered":"Par Laur\u00e8ne Fertin Publi\u00e9 le 10 sept. 2025 \u00e0 14h12 C\u2019est l\u2019image qui a marqu\u00e9 les esprits, ce&hellip;\n","protected":false},"author":2,"featured_media":380265,"comment_status":"","ping_status":"","sticky":false,"template":"","format":"standard","meta":{"footnotes":""},"categories":[2821],"tags":[1111,11,829,1777,674,1011,27,1272,50957,12,1311,584,25,104],"class_list":{"0":"post-380264","1":"post","2":"type-post","3":"status-publish","4":"format-standard","5":"has-post-thumbnail","7":"category-rennes","8":"tag-actu","9":"tag-actualites","10":"tag-bretagne","11":"tag-eu","12":"tag-europe","13":"tag-fr","14":"tag-france","15":"tag-manifestations","16":"tag-mouvement-du-10-septembre","17":"tag-news","18":"tag-pompiers","19":"tag-rennes","20":"tag-republique-francaise","21":"tag-societe"},"share_on_mastodon":{"url":"https:\/\/pubeurope.com\/@fr\/115180065063081537","error":""},"_links":{"self":[{"href":"https:\/\/www.europesays.com\/fr\/wp-json\/wp\/v2\/posts\/380264","targetHints":{"allow":["GET"]}}],"collection":[{"href":"https:\/\/www.europesays.com\/fr\/wp-json\/wp\/v2\/posts"}],"about":[{"href":"https:\/\/www.europesays.com\/fr\/wp-json\/wp\/v2\/types\/post"}],"author":[{"embeddable":true,"href":"https:\/\/www.europesays.com\/fr\/wp-json\/wp\/v2\/users\/2"}],"replies":[{"embeddable":true,"href":"https:\/\/www.europesays.com\/fr\/wp-json\/wp\/v2\/comments?post=380264"}],"version-history":[{"count":0,"href":"https:\/\/www.europesays.com\/fr\/wp-json\/wp\/v2\/posts\/380264\/revisions"}],"wp:featuredmedia":[{"embeddable":true,"href":"https:\/\/www.europesays.com\/fr\/wp-json\/wp\/v2\/media\/380265"}],"wp:attachment":[{"href":"https:\/\/www.europesays.com\/fr\/wp-json\/wp\/v2\/media?parent=380264"}],"wp:term":[{"taxonomy":"category","embeddable":true,"href":"https:\/\/www.europesays.com\/fr\/wp-json\/wp\/v2\/categories?post=380264"},{"taxonomy":"post_tag","embeddable":true,"href":"https:\/\/www.europesays.com\/fr\/wp-json\/wp\/v2\/tags?post=380264"}],"curies":[{"name":"wp","href":"https:\/\/api.w.org\/{rel}","templated":true}]}}