{"id":380268,"date":"2025-09-10T12:45:20","date_gmt":"2025-09-10T12:45:20","guid":{"rendered":"https:\/\/www.europesays.com\/fr\/380268\/"},"modified":"2025-09-10T12:45:20","modified_gmt":"2025-09-10T12:45:20","slug":"strasbourg-battles-de-graffiti-en-perspective-ce-week-end-au-festival-colors","status":"publish","type":"post","link":"https:\/\/www.europesays.com\/fr\/380268\/","title":{"rendered":"Strasbourg. Battles de graffiti en perspective ce week-end au festival Colors"},"content":{"rendered":"<p>Pour le deuxi\u00e8me week-end cons\u00e9cutif, les passionn\u00e9s d\u2019art urbain ont rendez-vous ces 13 et 14\u00a0septembre au coll\u00e8ge international Vauban, o\u00f9 se tient jusqu\u2019au 21\u00a0septembre le Colors &#8211; Urban art festival powered by Socomec.<\/p>\n<p><a href=\"https:\/\/www.dna.fr\/culture-loisirs\/2025\/09\/05\/colors-transforme-le-college-vauban-en-galerie-a-ciel-ouvert\" target=\"_blank\" rel=\"noopener\">Outre les dix \u0153uvres r\u00e9alis\u00e9es par des pointures internationales du graff pour cette 7 e \u00e9dition qui\u00a0transforment\u00a0le\u00a0coll\u00e8ge\u00a0en\u00a0galerie\u00a0d\u2019art\u00a0\u00e0\u00a0ciel\u00a0ouvert<\/a> , samedi 13\u00a0septembre de 14\u00a0h \u00e0 20\u00a0h, le festival accueillera \u00ab\u00a0Graffiti fighters\u00a0\u00bb, un concept unique m\u00ealant des battles de graffiti live, rassemblant huit graffeurs locaux et les deux finalistes du concours national \u00ab\u00a0King of the Pshit\u00a0\u00bb.\u00a0L\u2019ambiance musicale sera assur\u00e9e par les sets hip-hop, funk, trip-hop et \u00e9lectro de DJ Djaal. Quant aux valeureux (et pacifistes) combattants du graffiti, il s\u2019agit de\u00a0Rens One, QMRK, Peash, Pierre Reb, Witch, Toho, Horus et Wise\u00a0; auxquels s\u2019ajoutent les deux\u00a0finalistes du \u00ab\u00a0King of the Pshit\u00a0\u00bb, Vizer et Sleigh.<\/p>\n<p>Ce contenu est bloqu\u00e9 car vous n&rsquo;avez pas accept\u00e9 les cookies et autres traceurs.<\/p>\n<p>En cliquant sur \u00ab J\u2019accepte \u00bb, les cookies et autres traceurs seront d\u00e9pos\u00e9s et vous pourrez visualiser les contenus  (<a href=\"\" class=\"consentModule_policy\" target=\"_blank\" title=\"Consulter la politique de protection des donn\u00e9es du fournisseur\">plus d&rsquo;informations<\/a>).<\/p>\n<p>En cliquant sur \u00ab J\u2019accepte tous les cookies \u00bb, vous autorisez des d\u00e9p\u00f4ts de cookies et autres traceurs pour le stockage de vos donn\u00e9es sur nos sites et applications \u00e0 des fins de personnalisation et de ciblage publicitaire.<\/p>\n<p class=\"consentModule_secondaryText\">Vous gardez la possibilit\u00e9 de retirer votre consentement \u00e0 tout moment en consultant notre <a href=\"https:\/\/www.dna.fr\/protection-des-donnees\" target=\"_blank\" title=\"Consulter notre politique de protection des donn\u00e9es\" rel=\"noopener\">politique de protection des donn\u00e9es<\/a>. <br \/>&#13;<br \/>\n            <a href=\"https:\/\/www.dna.fr\/culture-loisirs\/2025\/09\/10\/javascript:Didomi.notice.show()\" class=\"consentModule_cmp\" target=\"_blank\" rel=\"noopener\">G\u00e9rer mes choix<\/a>&#13;\n        <\/p>\n<p>&#13;<br \/>\n                        J&rsquo;accepte&#13;<br \/>\n            J&rsquo;accepte tous les cookies&#13;\n        <\/p>\n<p>  Un semi-remorque de 14 m\u00e8tres pour support\u00a0!<\/p>\n<p>Dimanche 14\u00a0septembre, de 11\u00a0h \u00e0 19\u00a0h, place \u00e0 la grande finale du \u00ab\u00a0King of the Pshit 4\u00a0\u00bb. Vizer et Sleigh s\u2019affronteront en  live , en proposant des \u0153uvres sur un semi-remorque de 14 m\u00e8tres de long, et le public pourra voter pour son \u0153uvre pr\u00e9f\u00e9r\u00e9e tout au long de l\u2019apr\u00e8s-midi.<\/p>\n<p>En plus des battles, ce week-end et le suivant seront l\u2019occasion de profiter de tout ce que r\u00e9serve le festival\u00a0: <a href=\"https:\/\/www.dna.fr\/culture-loisirs\/2025\/05\/27\/colors-urban-art-debarque-s-installera-sur-les-murs-du-college-vauban-a-la-rentree\" target=\"_blank\" rel=\"noopener\">une exposition XXL sur les murs du coll\u00e8ge,<\/a> des animations pour petits et grands, des espaces d\u2019expression libre, une boutique pour d\u00e9nicher de jolis \u00ab\u00a0prints\u00a0\u00bb, ainsi que des food-trucks pour se r\u00e9galer.<\/p>\n<p class=\"note\">Colors &#8211; Urban art festival, jusqu\u2019au 21\u00a0septembre, le samedi de 14\u00a0h \u00e0 20\u00a0h et le dimanche de 11\u00a0h \u00e0 19\u00a0h au coll\u00e8ge international Vauban, 70, boulevard d\u2019Anvers \u00e0 Strasbourg (entr\u00e9e par la rue de Louvain). Entr\u00e9e libre. Restauration sur place, avec un food-truck diff\u00e9rent chaque jour. Plus d\u2019infos\u00a0: www.colors-art.eu<\/p>\n","protected":false},"excerpt":{"rendered":"Pour le deuxi\u00e8me week-end cons\u00e9cutif, les passionn\u00e9s d\u2019art urbain ont rendez-vous ces 13 et 14\u00a0septembre au coll\u00e8ge international&hellip;\n","protected":false},"author":2,"featured_media":380269,"comment_status":"","ping_status":"","sticky":false,"template":"","format":"standard","meta":{"footnotes":""},"categories":[2820],"tags":[1111,11,2389,2649,1687,2880,1777,674,2271,107,1011,27,775,12,2661,25,104,3140,640,2879,1631],"class_list":{"0":"post-380268","1":"post","2":"type-post","3":"status-publish","4":"format-standard","5":"has-post-thumbnail","7":"category-strasbourg","8":"tag-actu","9":"tag-actualites","10":"tag-alsace","11":"tag-bas-rhin","12":"tag-culture-loisirs","13":"tag-edition-strasbourg","14":"tag-eu","15":"tag-europe","16":"tag-exposition-arts-plastiques","17":"tag-fil-info","18":"tag-fr","19":"tag-france","20":"tag-grand-est","21":"tag-news","22":"tag-patrimoine-culturel","23":"tag-republique-francaise","24":"tag-societe","25":"tag-spectacle","26":"tag-strasbourg","27":"tag-strasbourg-ville","28":"tag-vie-associative"},"share_on_mastodon":{"url":"https:\/\/pubeurope.com\/@fr\/115180072061640490","error":""},"_links":{"self":[{"href":"https:\/\/www.europesays.com\/fr\/wp-json\/wp\/v2\/posts\/380268","targetHints":{"allow":["GET"]}}],"collection":[{"href":"https:\/\/www.europesays.com\/fr\/wp-json\/wp\/v2\/posts"}],"about":[{"href":"https:\/\/www.europesays.com\/fr\/wp-json\/wp\/v2\/types\/post"}],"author":[{"embeddable":true,"href":"https:\/\/www.europesays.com\/fr\/wp-json\/wp\/v2\/users\/2"}],"replies":[{"embeddable":true,"href":"https:\/\/www.europesays.com\/fr\/wp-json\/wp\/v2\/comments?post=380268"}],"version-history":[{"count":0,"href":"https:\/\/www.europesays.com\/fr\/wp-json\/wp\/v2\/posts\/380268\/revisions"}],"wp:featuredmedia":[{"embeddable":true,"href":"https:\/\/www.europesays.com\/fr\/wp-json\/wp\/v2\/media\/380269"}],"wp:attachment":[{"href":"https:\/\/www.europesays.com\/fr\/wp-json\/wp\/v2\/media?parent=380268"}],"wp:term":[{"taxonomy":"category","embeddable":true,"href":"https:\/\/www.europesays.com\/fr\/wp-json\/wp\/v2\/categories?post=380268"},{"taxonomy":"post_tag","embeddable":true,"href":"https:\/\/www.europesays.com\/fr\/wp-json\/wp\/v2\/tags?post=380268"}],"curies":[{"name":"wp","href":"https:\/\/api.w.org\/{rel}","templated":true}]}}