{"id":380270,"date":"2025-09-10T12:46:12","date_gmt":"2025-09-10T12:46:12","guid":{"rendered":"https:\/\/www.europesays.com\/fr\/380270\/"},"modified":"2025-09-10T12:46:12","modified_gmt":"2025-09-10T12:46:12","slug":"la-police-deloge-des-etudiants-qui-bloquaient-lacces-a-une-fac-deux-campus-nicois-fermes","status":"publish","type":"post","link":"https:\/\/www.europesays.com\/fr\/380270\/","title":{"rendered":"La police d\u00e9loge des \u00e9tudiants qui bloquaient l\u2019acc\u00e8s \u00e0 une fac, deux campus ni\u00e7ois ferm\u00e9s"},"content":{"rendered":"<p><b>\u00ab\u00a0<\/b>Des cris qui fusent, des manifestants r\u00e9fractaires, des policiers qui en tra\u00eenent certains pour les \u00e9carter: l\u2019entr\u00e9e du campus Valrose a \u00e9t\u00e9 le th\u00e9\u00e2tre d\u2019une br\u00e8ve mont\u00e9e de tension, ce mercredi matin \u00e0 Nice. <b>30 \u00e0 40 manifestants ont men\u00e9 une action de blocage du site<\/b> qui abrite la pr\u00e9sidence de l\u2019universit\u00e9 C\u00f4te d\u2019Azur, dans le cadre du mouvement \u00abBloquons tout\u00a0\u00bb de ce 10 septembre.<\/p>\n<p>Il est un peu plus de 7h quand des \u00e9tudiants installent poubelles et barricades devant les grilles de Valrose. Ils r\u00e9pondent \u00e0 l\u2019appel du Front Populaire \u00c9tudiant, rejoint par les Jeunes Insoumis, les Jeunes Communistes et la CGT. Puis ils forment une cha\u00eene humaine pour finir de barrer l\u2019entr\u00e9e. La plupart dissimulent leur visage derri\u00e8re un masque chirurgical, certains arborent un keffieh palestinien.<\/p>\n<p>Deux heures plus tard, la brigade anticriminalit\u00e9 (BAC) et la brigade de surveillance territoriale (BST) interviennent pour les d\u00e9loger. Les policiers sont \u00e9quip\u00e9s de casques, gilets tactiques et boucliers. A leur approche, les \u00e9tudiants s\u2019assoient de concert, en se tenant par les bras pour mieux r\u00e9sister. <b>Selon la police nationale, l\u2019\u00e9vacuation se d\u00e9roule dans le calme. Les \u00e9tudiants concern\u00e9s livrent une version plus muscl\u00e9e.<\/b><\/p>\n<p>              <img ci-src=\"https:\/\/www.nicematin.com\/greve-mouvements-sociaux\/protec\/DATA_ART_16218459-QlBtkvb7.jpg?vh=0c1fb0&amp;ci_seal=64c383bf99\" alt=\"\"\/><br \/>\n        Les policiers sont rest\u00e9s en surveillance devant le campus Valrose plusieurs heures apr\u00e8s l\u2019\u00e9vacuation. <strong>OTTONELLO Jean-Francois \/ Nice Matin.<\/strong> <\/p>\n<p>                                <strong>Un bless\u00e9 l\u00e9ger<\/strong><\/p>\n<p>\u00ab\u00a0Je me suis fait \u00e9trangler\u00a0\u00bb, \u00ab\u00a0des camarades se sont fait tra\u00eener comme des animaux\u00a0\u00bb, \u00ab\u00a0un policier a envoy\u00e9 un camarade au sol\u00a0\u00bb, \u00ab\u00a0un autre a le pantalon tout d\u00e9chir\u00e9\u00a0\u00bb&#8230; Alain, Valentin, Thibault, Sacha et Ziyad, pr\u00e9sents lors du sit-in, s\u2019indignent des conditions d\u2019intervention de la police. \u00ab\u00a0Nous \u00e9tions pacifistes. Nous n\u2019avions rien sur nous. Ils \u00e9taient au moins aussi nombreux que nous!\u00a0\u00bb<\/p>\n<p>Dans les rangs policiers, on \u00e9voque une intervention dans le calme. La sc\u00e8ne, film\u00e9e par des t\u00e9moins, aura dur\u00e9 quatre minutes. Pas de gaz lacrymog\u00e8ne, pas d\u2019\u00e9meute, pas d\u2019interpellation. <b>Un manifestant sera n\u00e9anmoins \u00e9vacu\u00e9 en ambulance<\/b>, souffrant d\u2019une contusion au doigt. <b>Une blessure l\u00e9g\u00e8re sans lien avec l\u2019intervention de la police, selon cette derni\u00e8re.<\/b> Ce que contestent les manifestants.<\/p>\n<p>              <img ci-src=\"https:\/\/www.nicematin.com\/greve-mouvements-sociaux\/protec\/DATA_ART_16218462-t3kLiHSH.jpg?vh=cae18e&amp;ci_seal=ea75ba4f6a\" alt=\"\"\/><br \/>\n        30 \u00e0 40 manifestants, visage dissimul\u00e9 pour la plupart, ont bloqu\u00e9 l\u2019acc\u00e8s au campus avec des poubelles et des barri\u00e8res. <strong>DR.<\/strong> <\/p>\n<p>Ceux-ci poursuivent la matin\u00e9e dans l\u2019amphi du Petit Valrose voisin. Comme la veille, une cinquantaine de participants se r\u00e9unit en assembl\u00e9e g\u00e9n\u00e9rale pour \u00e9voquer la suite du mouvement.<\/p>\n<p>Anticipant les blocages, l\u2019universit\u00e9 C\u00f4te d\u2019Azur avait d\u00e9cid\u00e9 d\u2019annuler les cours en pr\u00e9sentiel sur le campus Carlone ce mercredi, et \u00e0 Valrose au moins pour la matin\u00e9e. Une premi\u00e8re victoire pour les manifestants, mobilis\u00e9s contre la politique d\u2019aust\u00e9rit\u00e9 et la pr\u00e9carit\u00e9 \u00e9tudiante. \u00ab\u00a0Le but, c\u2019\u00e9tait qu\u2019un maximum de facs banalisent la journ\u00e9e pour permettre aux gens d\u2019aller aux manifs. \u00a0\u00bb Prochain rendez-vous des \u00e9tudiants: quartier Magnan, en ce d\u00e9but d&rsquo;apr\u00e8s-midi.\u00a0<\/p>\n","protected":false},"excerpt":{"rendered":"\u00ab\u00a0Des cris qui fusent, des manifestants r\u00e9fractaires, des policiers qui en tra\u00eenent certains pour les \u00e9carter: l\u2019entr\u00e9e du&hellip;\n","protected":false},"author":2,"featured_media":380271,"comment_status":"","ping_status":"","sticky":false,"template":"","format":"standard","meta":{"footnotes":""},"categories":[2819],"tags":[1111,11,1777,674,118,1011,27,802,12,2401,882,25,801],"class_list":{"0":"post-380270","1":"post","2":"type-post","3":"status-publish","4":"format-standard","5":"has-post-thumbnail","7":"category-nice","8":"tag-actu","9":"tag-actualites","10":"tag-eu","11":"tag-europe","12":"tag-faits-divers","13":"tag-fr","14":"tag-france","15":"tag-greves-et-mouvements-sociaux","16":"tag-news","17":"tag-nice","18":"tag-provence-alpes-cote-dazur","19":"tag-republique-francaise","20":"tag-social"},"share_on_mastodon":{"url":"https:\/\/pubeurope.com\/@fr\/115180076081117410","error":""},"_links":{"self":[{"href":"https:\/\/www.europesays.com\/fr\/wp-json\/wp\/v2\/posts\/380270","targetHints":{"allow":["GET"]}}],"collection":[{"href":"https:\/\/www.europesays.com\/fr\/wp-json\/wp\/v2\/posts"}],"about":[{"href":"https:\/\/www.europesays.com\/fr\/wp-json\/wp\/v2\/types\/post"}],"author":[{"embeddable":true,"href":"https:\/\/www.europesays.com\/fr\/wp-json\/wp\/v2\/users\/2"}],"replies":[{"embeddable":true,"href":"https:\/\/www.europesays.com\/fr\/wp-json\/wp\/v2\/comments?post=380270"}],"version-history":[{"count":0,"href":"https:\/\/www.europesays.com\/fr\/wp-json\/wp\/v2\/posts\/380270\/revisions"}],"wp:featuredmedia":[{"embeddable":true,"href":"https:\/\/www.europesays.com\/fr\/wp-json\/wp\/v2\/media\/380271"}],"wp:attachment":[{"href":"https:\/\/www.europesays.com\/fr\/wp-json\/wp\/v2\/media?parent=380270"}],"wp:term":[{"taxonomy":"category","embeddable":true,"href":"https:\/\/www.europesays.com\/fr\/wp-json\/wp\/v2\/categories?post=380270"},{"taxonomy":"post_tag","embeddable":true,"href":"https:\/\/www.europesays.com\/fr\/wp-json\/wp\/v2\/tags?post=380270"}],"curies":[{"name":"wp","href":"https:\/\/api.w.org\/{rel}","templated":true}]}}