{"id":380275,"date":"2025-09-10T12:49:22","date_gmt":"2025-09-10T12:49:22","guid":{"rendered":"https:\/\/www.europesays.com\/fr\/380275\/"},"modified":"2025-09-10T12:49:22","modified_gmt":"2025-09-10T12:49:22","slug":"bloquons-tout-le-10-septembre-le-point-a-la-mi-journee-a-nantes-et-dans-la-region","status":"publish","type":"post","link":"https:\/\/www.europesays.com\/fr\/380275\/","title":{"rendered":"\u00ab\u00a0Bloquons tout\u00a0\u00bb le 10 septembre, le point \u00e0 la mi-journ\u00e9e \u00e0 Nantes et dans la r\u00e9gion"},"content":{"rendered":"<p class=\"article__intro\">L&rsquo;appel \u00e0 la mobilisation de ce 10 septembre, lanc\u00e9 par le collectif \u00ab\u00a0Bloquons tout\u00a0\u00bb, vise \u00e0 \u00ab\u00a0paralyser\u00a0\u00bb la France. \u00c0 Nantes, la cible des manifestants \u00e9tait le pont de Chevir\u00e9 qui enjambe la Loire \u00e0 l&rsquo;ouest de la ville afin de bloquer le trafic routier.<\/p>\n<p>\n      L\u2019actu des r\u00e9gions\n    <\/p>\n<p>\n      Chaque jour, un tour d\u2019horizon des principales infos de toutes les r\u00e9gions.\n    <\/p>\n<p>    France T\u00e9l\u00e9visions utilise votre adresse e-mail afin de vous envoyer la newsletter \u00ab\u00a0L\u2019actu des r\u00e9gions\u00a0\u00bb. Vous pouvez vous d\u00e9sinscrire \u00e0 tout moment via le lien en bas de cette newsletter. <a target=\"_blank\" href=\"https:\/\/www.francetelevisions.fr\/groupe\/confidentialite\/politique-de-confidentialite\/politique-de-confidentialite-de-france-televisions-6503\" rel=\"nofollow noopener\">Notre politique de confidentialit\u00e9<\/a><\/p>\n<p>Rond-point de la Janvraie, sous le pont de Chevir\u00e9. Il est 6 heures du matin ce mercredi. Une cinquantaine de personnes sont positionn\u00e9es, rond-point de la Janvraie au pied de l&rsquo;ouvrage qui permet aux automobilistes de rallier les rives gauche et droite de la Loire par le p\u00e9riph\u00e9rique.<\/p>\n<p>\u00c0 leurs c\u00f4t\u00e9s, des repr\u00e9sentants syndicaux FO et Sud sont pr\u00e9sents, sans banderoles, mais avec des chasubles.<\/p>\n<p>Le but du groupe, bloquer le pont de Chevir\u00e9, mais c&rsquo;est sans s&rsquo;en compter sur la pression des forces de l&rsquo;ordre, en nombre sur le site.<\/p>\n<p>Alors qu&rsquo;une centaine de personnes entonnent des chants antifascistes au pied du pont de Chevir\u00e9 \u00e0 Nantes, des manifestants arrivent route Pornic.<\/p>\n<p><a data-article-figure=\"\" href=\"https:\/\/france3-regions.franceinfo.fr\/image\/kvkuL112Xqw8o-gw32T3ndbe7Zo\/1600x1200\/regions\/2025\/09\/10\/whatsapp-image-2025-09-10-at-063826-1757479165380-68c15b7ed779b176336507.jpg\" data-pswp-width=\"1600\" data-pswp-height=\"1200\" target=\"_blank\" rel=\"nofollow noopener\"><\/p>\n<p>          <img width=\"600\" height=\"400\" class=\"article-image lazy\" data-src=\"https:\/\/www.europesays.com\/fr\/wp-content\/uploads\/2025\/09\/whatsapp-image-2025-09-10-at-063826-1757479165380-68c15b7ed779b176336507.jpg\" alt=\"Rassemblement au pied du pont de Chevir\u00e9 \u00e0 Nantes, sous les yeux des forces de l'ordre, le 10 septembre 2025\" fetchpriority=\"high\" as=\"image\"\/><\/p>\n<p>\n            Rassemblement au pied du pont de Chevir\u00e9 \u00e0 Nantes, sous les yeux des forces de l&rsquo;ordre, le 10 septembre 2025<br \/>\n                           \u2022<br \/>\n                                      \u00a9 France 3 Pays de la Loire &#8211; Ma\u00eblle Kerguenou\n                      <\/p>\n<p><\/a><\/p>\n<p>Dans le m\u00eame temps, \u00e0 l&rsquo;est de la ville, \u00e0 Rosa Parks, dans le quartier Malakoff, les forces de l&rsquo;ordre contr\u00f4lent les identit\u00e9s des manifestants. Plusieurs centaines de personnes sont sur place, la situation est tendue. <\/p>\n<p>Le convoi est repouss\u00e9, il se rend sur le boulevard de la Prairie de Mauves et bloque ce rond-point qui fait la jonction entre le boulevard de Sarrebruck et celui de Seattle.<\/p>\n<p>Barri\u00e8res, parpaings&#8230; Ils utilisent tout ce qu&rsquo;ils peuvent pour alimenter les barricades.<\/p>\n<p><a data-article-figure=\"\" href=\"https:\/\/france3-regions.franceinfo.fr\/image\/V89WC9o6tVXNy3b1jFESfdDwIEA\/2000x1500\/regions\/2025\/09\/10\/whatsapp-image-2025-09-10-at-065820-1757480432081-68c15c2f3733e247666467.jpg\" data-pswp-width=\"2000\" data-pswp-height=\"1500\" target=\"_blank\" rel=\"nofollow noopener\"><\/p>\n<p>          <img width=\"600\" height=\"400\" class=\"article-image lazy\" data-src=\"https:\/\/www.europesays.com\/fr\/wp-content\/uploads\/2025\/09\/whatsapp-image-2025-09-10-at-065820-1757480432081-68c15c2f3733e247666467.jpg\" alt=\"Le convoi est repouss\u00e9, il se rend sur le boulevard de la Prairie de Mauves et bloque ce rond-point qui fait la jonction entre le boulevard de Sarrebruck et celui de Seattle.\" fetchpriority=\"high\" as=\"image\"\/><\/p>\n<p>\n            Le convoi est repouss\u00e9, il se rend sur le boulevard de la Prairie de Mauves et bloque ce rond-point qui fait la jonction entre le boulevard de Sarrebruck et celui de Seattle.<br \/>\n                           \u2022<br \/>\n                                      \u00a9 France 3 Pays de la Loire\n                      <\/p>\n<p><\/a><\/p>\n<p>Une grande majorit\u00e9 des manifestants du pont de Chevir\u00e9, apr\u00e8s avoir \u00e9t\u00e9 repouss\u00e9s par les forces de l&rsquo;ordre \u00e0 coup de gaz lacrymog\u00e8nes, les rejoignent. Ils y sont \u00e9galement accueillis \u00e0 coups de lacrymos.<\/p>\n<p>Les manifestants sont pri\u00e9s de quitter les lieux. Ils partent en direction de Doulon avec pour objectif de bloquer le tramway.<\/p>\n<p>Des poubelles sont br\u00fbl\u00e9es du c\u00f4t\u00e9 du parc du Plessis Tison. <\/p>\n<p><a data-article-figure=\"\" href=\"https:\/\/france3-regions.franceinfo.fr\/image\/TwbOJnMzxiGgNnsrdJeIWharsHc\/2000x1500\/regions\/2025\/09\/10\/whatsapp-image-2025-09-10-at-083926-1757486384789-68c15e20363e5486148049.jpg\" data-pswp-width=\"2000\" data-pswp-height=\"1500\" target=\"_blank\" rel=\"nofollow noopener\"><\/p>\n<p>          <img width=\"600\" height=\"400\" class=\"article-image lazy\" data-src=\"https:\/\/www.europesays.com\/fr\/wp-content\/uploads\/2025\/09\/whatsapp-image-2025-09-10-at-083926-1757486384789-68c15e20363e5486148049.jpg\" alt=\"Des poubelles br\u00fbl\u00e9es du c\u00f4t\u00e9 du parc du Plessis Tison \u00e0 Nantes le 10 septembre 2025\" fetchpriority=\"high\" as=\"image\"\/><\/p>\n<p>\n            Des poubelles br\u00fbl\u00e9es du c\u00f4t\u00e9 du parc du Plessis Tison \u00e0 Nantes le 10 septembre 2025<br \/>\n                           \u2022<br \/>\n                                      \u00a9 France 3 Pays de la Loire\n                      <\/p>\n<p><\/a><\/p>\n<p>Pendant ce temps, une partie des manifestants est rest\u00e9e du c\u00f4t\u00e9 du pont de Chevir\u00e9, sur la place du Garigliano. Ils installent des barrages pour bloquer le rond-point.<\/p>\n<p>L&rsquo;ambiance est tr\u00e8s calme de ce c\u00f4t\u00e9. Les manifestants boivent des caf\u00e9s en musique.<\/p>\n<p><a data-article-figure=\"\" href=\"https:\/\/france3-regions.franceinfo.fr\/image\/yfPvLta9_NzhBNzqZ_bpnqtLdpc\/1600x900\/regions\/2025\/09\/10\/whatsapp-image-2025-09-10-at-090318-1757487822051-68c15eb60b326731860380.jpg\" data-pswp-width=\"1600\" data-pswp-height=\"900\" target=\"_blank\" rel=\"nofollow noopener\"><\/p>\n<p>          <img width=\"600\" height=\"400\" class=\"article-image lazy\" data-src=\"https:\/\/www.europesays.com\/fr\/wp-content\/uploads\/2025\/09\/whatsapp-image-2025-09-10-at-090318-1757487822051-68c15eb60b326731860380.jpg\" alt=\"Ambiance bon enfant \u00e0 Nantes du c\u00f4t\u00e9 de la Janvraie, le 10 septembre 2025\" fetchpriority=\"high\" as=\"image\"\/><\/p>\n<p>\n            Ambiance bon enfant \u00e0 Nantes du c\u00f4t\u00e9 de la Janvraie, le 10 septembre 2025<br \/>\n                           \u2022<br \/>\n                                      \u00a9 France 3 Pays de la Loire  &#8211; Ma\u00eblle Kerguenou\n                      <\/p>\n<p><\/a><\/p>\n<p>En fin de matin\u00e9e, un groupe part bloquer la rue devant l&rsquo;h\u00f4tel du D\u00e9partement, quai Ceineray. Un groupe bloque \u00e9galement des acc\u00e8s \u00e0 l&rsquo;a\u00e9roport.<\/p>\n<p>\u00c7a bouge aussi dans les lyc\u00e9es. Une cinquantaine d&rsquo;\u00e9l\u00e8ves se rassemblent en d\u00e9but de matin\u00e9e devant le lyc\u00e9e Mandela \u00e0 Nantes. \u00c0 Rez\u00e9, le lyc\u00e9e Jean Perrin est bloqu\u00e9.<\/p>\n<p>En fin de matin\u00e9e, les diff\u00e9rents groupes de manifestants convergent vers la place du Commerce, dans le centre-ville.<\/p>\n<p>Ils sont rejoints par des agriculteurs qui arrivent en tracteur.<\/p>\n<p><a data-article-figure=\"\" href=\"https:\/\/france3-regions.franceinfo.fr\/image\/lSfj4iIWeSBBl2RN418UIIuzUuU\/1600x1200\/regions\/2025\/09\/10\/whatsapp-image-2025-09-10-at-123829-1757500805958-68c160071b564546461605.jpg\" data-pswp-width=\"1600\" data-pswp-height=\"1200\" target=\"_blank\" rel=\"nofollow noopener\"><\/p>\n<p>          <img width=\"600\" height=\"400\" class=\"article-image lazy\" data-src=\"https:\/\/www.europesays.com\/fr\/wp-content\/uploads\/2025\/09\/whatsapp-image-2025-09-10-at-123829-1757500805958-68c160071b564546461605.jpg\" alt=\"Les tracteurs arrivent place du commerce, le 10 septembre 2025. La conf\u00e9d\u00e9ration paysanne avait appel\u00e9 \u00e0 rejoindre les manifestations\" fetchpriority=\"high\" as=\"image\"\/><\/p>\n<p>\n            Les tracteurs arrivent place du commerce, le 10 septembre 2025. La conf\u00e9d\u00e9ration paysanne avait appel\u00e9 \u00e0 rejoindre les manifestations<br \/>\n                           \u2022<br \/>\n                                      \u00a9 France T\u00e9l\u00e9visions\/Eric Guillaud\n                      <\/p>\n<p><\/a><\/p>\n<p>En ce d\u00e9but d&rsquo;apr\u00e8s-midi, les manifestants sont entre Graslin et place Royale. Ils descendent la rue Cr\u00e9billon en chantant \u00ab\u00a0tout le monde d\u00e9teste la police\u00a0\u00bb.<\/p>\n<\/p>\n<p>Plusieurs interpellations ont eu lieu depuis le d\u00e9but de journ\u00e9e sur Nantes.<\/p>\n<\/p>\n<p>Et ailleurs dans la r\u00e9gion<\/p>\n<p>\u00c0 Saint-Nazaire, une cinquantaine de salari\u00e9s des Chantiers de l&rsquo;Atlantique se sont regroup\u00e9s d\u00e8s 5h, \u00e0 l&rsquo;heure de l&#8217;embauche, devant l&#8217;embl\u00e9matique porte 4. 9 000 salari\u00e9s travaillent sur le site, beaucoup sont en t\u00e9l\u00e9travail ce mercredi.<\/p>\n<p><a data-article-figure=\"\" href=\"https:\/\/france3-regions.franceinfo.fr\/image\/4UpHPXQGqNtMGLXxEQFp_1foW1c\/1600x1200\/regions\/2025\/09\/10\/whatsapp-image-2025-09-10-at-070916-1757481002430-68c15c81ce89d612912665.jpg\" data-pswp-width=\"1600\" data-pswp-height=\"1200\" target=\"_blank\" rel=\"nofollow noopener\"><\/p>\n<p>          <img width=\"600\" height=\"400\" class=\"article-image lazy\" data-src=\"https:\/\/www.europesays.com\/fr\/wp-content\/uploads\/2025\/09\/whatsapp-image-2025-09-10-at-070916-1757481002430-68c15c81ce89d612912665.jpg\" alt=\"Une cinquantaine de salari\u00e9s des Chantiers de l'Atlantique regroup\u00e9s devant l'embl\u00e9matique porte 4\" fetchpriority=\"high\" as=\"image\"\/><\/p>\n<p>\n            Une cinquantaine de salari\u00e9s des Chantiers de l&rsquo;Atlantique regroup\u00e9s devant l&#8217;embl\u00e9matique porte 4<br \/>\n                           \u2022<br \/>\n                                      \u00a9 France 3 Pays de la Loire &#8211; Elodie Soulard\n                      <\/p>\n<p><\/a><\/p>\n<p>Un cort\u00e8ge se forme en ville, il sera dispers\u00e9 par les forces de l&rsquo;ordre \u00e0 grand renfort de lacrymos en fin de matin\u00e9e.<\/p>\n<p>En Vend\u00e9e, malgr\u00e9 l&rsquo;annonce du blocage du port aux Sables, les manifestants \u00e9taient finalement une quarantaine \u00e0 distribuer des tracts.<\/p>\n<p>\u00c0 La Roche-sur-Yon, deux barrages filtrants ont \u00e9t\u00e9 install\u00e9s aux entr\u00e9es de la ville, sans incident.<\/p>\n<p>Dans la Sarthe, des barrages filtrants ont \u00e9t\u00e9 mis en place avec distribution de tracts&#8230; et de bonbons. Les lyc\u00e9ens ont rejoint les manifestants pour bloquer le tunnel Wilbue Wright.<\/p>\n<p><strong>Retrouvez-nous sur les r\u00e9seaux sociaux ou sur <\/strong><a href=\"http:\/\/france.tv\" data-tooltip-url=\"http:\/\/france.tv\" rel=\"nofollow noopener\" target=\"_blank\"><strong>france.tv<\/strong><\/a><\/p>\n","protected":false},"excerpt":{"rendered":"L&rsquo;appel \u00e0 la mobilisation de ce 10 septembre, lanc\u00e9 par le collectif \u00ab\u00a0Bloquons tout\u00a0\u00bb, vise \u00e0 \u00ab\u00a0paralyser\u00a0\u00bb la&hellip;\n","protected":false},"author":2,"featured_media":380276,"comment_status":"","ping_status":"","sticky":false,"template":"","format":"standard","meta":{"footnotes":""},"categories":[2818],"tags":[1111,11,1777,674,1011,27,766,12,2636,25],"class_list":{"0":"post-380275","1":"post","2":"type-post","3":"status-publish","4":"format-standard","5":"has-post-thumbnail","7":"category-nantes","8":"tag-actu","9":"tag-actualites","10":"tag-eu","11":"tag-europe","12":"tag-fr","13":"tag-france","14":"tag-nantes","15":"tag-news","16":"tag-pays-de-la-loire","17":"tag-republique-francaise"},"share_on_mastodon":{"url":"https:\/\/pubeurope.com\/@fr\/115180087793634003","error":""},"_links":{"self":[{"href":"https:\/\/www.europesays.com\/fr\/wp-json\/wp\/v2\/posts\/380275","targetHints":{"allow":["GET"]}}],"collection":[{"href":"https:\/\/www.europesays.com\/fr\/wp-json\/wp\/v2\/posts"}],"about":[{"href":"https:\/\/www.europesays.com\/fr\/wp-json\/wp\/v2\/types\/post"}],"author":[{"embeddable":true,"href":"https:\/\/www.europesays.com\/fr\/wp-json\/wp\/v2\/users\/2"}],"replies":[{"embeddable":true,"href":"https:\/\/www.europesays.com\/fr\/wp-json\/wp\/v2\/comments?post=380275"}],"version-history":[{"count":0,"href":"https:\/\/www.europesays.com\/fr\/wp-json\/wp\/v2\/posts\/380275\/revisions"}],"wp:featuredmedia":[{"embeddable":true,"href":"https:\/\/www.europesays.com\/fr\/wp-json\/wp\/v2\/media\/380276"}],"wp:attachment":[{"href":"https:\/\/www.europesays.com\/fr\/wp-json\/wp\/v2\/media?parent=380275"}],"wp:term":[{"taxonomy":"category","embeddable":true,"href":"https:\/\/www.europesays.com\/fr\/wp-json\/wp\/v2\/categories?post=380275"},{"taxonomy":"post_tag","embeddable":true,"href":"https:\/\/www.europesays.com\/fr\/wp-json\/wp\/v2\/tags?post=380275"}],"curies":[{"name":"wp","href":"https:\/\/api.w.org\/{rel}","templated":true}]}}