{"id":380277,"date":"2025-09-10T12:50:09","date_gmt":"2025-09-10T12:50:09","guid":{"rendered":"https:\/\/www.europesays.com\/fr\/380277\/"},"modified":"2025-09-10T12:50:09","modified_gmt":"2025-09-10T12:50:09","slug":"une-rentree-scolaire-desormais-equilibree-sur-quatre-ecoles","status":"publish","type":"post","link":"https:\/\/www.europesays.com\/fr\/380277\/","title":{"rendered":"Une rentr\u00e9e scolaire d\u00e9sormais \u00e9quilibr\u00e9e sur quatre \u00e9coles"},"content":{"rendered":"<p>Apr\u00e8s une semaine d\u2019observation du fonctionnement des d\u00e9sormais quatre \u00e9coles \u00e0 Artigues-pr\u00e8s-Bordeaux (la commune a livr\u00e9 fin 2024 une nouvelle \u00e9cole de quartier \u00e0 Feydeau, baptis\u00e9e Jos\u00e9phine-Baker, pour un quartier en plein d\u00e9veloppement avec de nombreuses familles), enfants, parents d\u2019\u00e9l\u00e8ves et enseignants mesurent l\u2019apaisement des conditions de circulation et de stationnement, comme celles d\u2019enseignement et des temps p\u00e9riscolaires.<\/p>\n<p>Le r\u00e9\u00e9quilibrage de la commune permis par ce nouveau groupe scolaire (huit classes, du CP au CM2, pour un effectif de 200\u00a0\u00e9l\u00e8ves) est venu all\u00e9ger les effectifs des trois \u00e9coles du centre-ville. Les maternelles du Parc et de la Plaine ont d\u00e9sormais seulement quatre classes chacune. Pour l\u2019\u00e9l\u00e9mentaire du Parc, le nombre de classes a \u00e9t\u00e9 ramen\u00e9 \u00e0 14 contre 18 \u00e0 20 ces derni\u00e8res ann\u00e9es.<\/p>\n<p>Circulation<\/p>\n<p>La carte scolaire affecte les familles du sud de la ville \u00e0 l\u2019\u00e9cole Jos\u00e9phine-Baker. Cela a, comme pr\u00e9vu, r\u00e9duit les flux automobiles et les besoins de stationnement en centre-ville, d\u2019autant que l\u2019usage des bus scolaires a \u00e9t\u00e9 encourag\u00e9 par sa gratuit\u00e9 et que les \u00e9quipements cyclables ont \u00e9t\u00e9 d\u00e9velopp\u00e9s. Cette nouvelle organisation devrait permettre \u00e0 tous, \u00e9l\u00e8ves (un peu plus de 500 r\u00e9partis sur les \u00e9coles centrales), enseignants (30) et agents municipaux des temps p\u00e9riscolaires (un Atsem par classe de maternelle et les \u00e9quipes d\u2019animateurs), de travailler dans des conditions plus agr\u00e9ables, propices \u00e0 la r\u00e9ussite \u00e9ducative.<\/p>\n<p>Le maire Alain Garnier, son adjoint \u00e0 l\u2019\u00e9ducation Bertrand Naud et les \u00e9lus de la commission \u00e9ducation s\u2019en sont assur\u00e9s lors de ces premiers jours de cette rentr\u00e9e 2025, qui avait \u00e9t\u00e9 pr\u00e9par\u00e9e activement cet \u00e9t\u00e9 par les services municipaux et les \u00e9quipes \u00e9ducatives.<\/p>\n","protected":false},"excerpt":{"rendered":"Apr\u00e8s une semaine d\u2019observation du fonctionnement des d\u00e9sormais quatre \u00e9coles \u00e0 Artigues-pr\u00e8s-Bordeaux (la commune a livr\u00e9 fin 2024&hellip;\n","protected":false},"author":2,"featured_media":380278,"comment_status":"","ping_status":"","sticky":false,"template":"","format":"standard","meta":{"footnotes":""},"categories":[2817],"tags":[1111,11,1997,1777,674,1011,27,12,2219,25],"class_list":{"0":"post-380277","1":"post","2":"type-post","3":"status-publish","4":"format-standard","5":"has-post-thumbnail","7":"category-bordeaux","8":"tag-actu","9":"tag-actualites","10":"tag-bordeaux","11":"tag-eu","12":"tag-europe","13":"tag-fr","14":"tag-france","15":"tag-news","16":"tag-nouvelle-aquitaine","17":"tag-republique-francaise"},"share_on_mastodon":{"url":"https:\/\/pubeurope.com\/@fr\/115180091837922338","error":""},"_links":{"self":[{"href":"https:\/\/www.europesays.com\/fr\/wp-json\/wp\/v2\/posts\/380277","targetHints":{"allow":["GET"]}}],"collection":[{"href":"https:\/\/www.europesays.com\/fr\/wp-json\/wp\/v2\/posts"}],"about":[{"href":"https:\/\/www.europesays.com\/fr\/wp-json\/wp\/v2\/types\/post"}],"author":[{"embeddable":true,"href":"https:\/\/www.europesays.com\/fr\/wp-json\/wp\/v2\/users\/2"}],"replies":[{"embeddable":true,"href":"https:\/\/www.europesays.com\/fr\/wp-json\/wp\/v2\/comments?post=380277"}],"version-history":[{"count":0,"href":"https:\/\/www.europesays.com\/fr\/wp-json\/wp\/v2\/posts\/380277\/revisions"}],"wp:featuredmedia":[{"embeddable":true,"href":"https:\/\/www.europesays.com\/fr\/wp-json\/wp\/v2\/media\/380278"}],"wp:attachment":[{"href":"https:\/\/www.europesays.com\/fr\/wp-json\/wp\/v2\/media?parent=380277"}],"wp:term":[{"taxonomy":"category","embeddable":true,"href":"https:\/\/www.europesays.com\/fr\/wp-json\/wp\/v2\/categories?post=380277"},{"taxonomy":"post_tag","embeddable":true,"href":"https:\/\/www.europesays.com\/fr\/wp-json\/wp\/v2\/tags?post=380277"}],"curies":[{"name":"wp","href":"https:\/\/api.w.org\/{rel}","templated":true}]}}