{"id":380279,"date":"2025-09-10T12:51:08","date_gmt":"2025-09-10T12:51:08","guid":{"rendered":"https:\/\/www.europesays.com\/fr\/380279\/"},"modified":"2025-09-10T12:51:08","modified_gmt":"2025-09-10T12:51:08","slug":"le-point-sur-la-mobilisation-dans-le-sud-ouest-pres-de-300-interpellations-en-france-suivez-le-fil","status":"publish","type":"post","link":"https:\/\/www.europesays.com\/fr\/380279\/","title":{"rendered":"le point sur la mobilisation dans le Sud-Ouest, pr\u00e8s de 300 interpellations en France&#8230; Suivez le fil"},"content":{"rendered":"<p>Des actions se d\u00e9roulent partout en France ce mercredi \u00e0 l\u2019appel de \u00abBloquons tout\u00bb, une mobilisation citoyenne n\u00e9e sur les r\u00e9seaux sociaux et devant permettre de jauger la col\u00e8re sociale. Pour la plupart, les actions se d\u00e9roulent dans un calme relatif \u00e0 la mi-journ\u00e9e, mais quelques d\u00e9bordements ont \u00e9t\u00e9 constat\u00e9s. Pr\u00e8s de 300 personnes ont \u00e9t\u00e9 arr\u00eat\u00e9es dont 171 en agglom\u00e9ration parisienne. Les gendarmes d\u00e9comptaient 241 actions dans leur zone, rassemblant environ 10 000 manifestants.<\/p>\n<p>Dans le Sud-Ouest, des mobilisations sont observ\u00e9es \u00e0 plusieurs endroits mais peu de blocages v\u00e9ritables. On d\u00e9nombre une vingtaine d\u2019interpellations dans la r\u00e9gion ce mercredi matin. Pendant ce temps-l\u00e0, \u00e0 Paris, la c\u00e9r\u00e9monie de passation de pouvoirs s\u2019est d\u00e9roul\u00e9e \u00e0 la mi-journ\u00e9e \u00e0 Matignon entre le sortant Fran\u00e7ois Bayrou et son successeur S\u00e9bastien Lecornu.<\/p>\n<p>Hormis ce DIRECT, voici nos articles \u201cBloquons tout\u201d dans la r\u00e9gion :\u00a0<\/p>\n<p>&#8211; <a target=\"_self\" rel=\"nofollow noopener\" href=\"https:\/\/www.sudouest.fr\/societe\/bloquons-tout\/direct-bloquons-tout-en-gironde-suivez-les-temps-forts-de-la-journee-du-10-septembre-25859271.php\">DIRECT. \u201cBloquons tout\u201d \u00e0 Bordeaux et en Gironde, suivez la journ\u00e9e<\/a><\/p>\n<p>&#8211; <a target=\"_self\" rel=\"nofollow noopener\" href=\"https:\/\/www.sudouest.fr\/societe\/bloquons-tout\/bloquons-tout-en-gironde-des-bloqueurs-ciblent-le-depot-de-tram-a-bordeaux-25866344.php\">En Gironde : des bloqueurs ciblent le d\u00e9p\u00f4t de tram \u00e0 Bordeaux<\/a><\/p>\n<p>&#8211; <a target=\"_self\" rel=\"nofollow noopener\" href=\"https:\/\/www.sudouest.fr\/pyrenees-atlantiques\/pau\/bloquons-tout-a-pau-lacrymo-des-5-h-du-mat-interpellations-delit-de-fuite-ca-degenere-deja-25865739.php\">A Pau, lacrymo d\u00e8s 5 h du mat, interpellations, d\u00e9lit de fuite\u2026 \u00c7a d\u00e9g\u00e9n\u00e8re d\u00e9j\u00e0<\/a><\/p>\n<p>&#8211; <a target=\"_self\" rel=\"nofollow noopener\" href=\"https:\/\/www.sudouest.fr\/societe\/bloquons-tout\/bloquons-tout-un-acte-de-malveillance-perturbe-le-trafic-ferroviaire-en-gare-d-agen-25867568.php\">Un acte de malveillance perturbe le trafic ferroviaire en gare d\u2019Agen<\/a><\/p>\n<p>&#8211; <a target=\"_self\" rel=\"nofollow noopener\" href=\"https:\/\/www.sudouest.fr\/societe\/bloquons-tout\/bloquons-tout-le-10-septembre-premieres-actions-en-dordogne-25866462.php\">\u00ab Bloquons tout \u00bb le 10 septembre : premi\u00e8res actions en Dordogne<\/a><\/p>\n<p>&#8211; <a target=\"_self\" rel=\"nofollow noopener\" href=\"https:\/\/www.sudouest.fr\/societe\/bloquons-tout\/en-images-bloquons-tout-le-10-septembre-des-manifestants-a-bayonne-et-anglet-pas-de-grosses-perturbations-25866461.php\">EN IMAGES. Des manifestants \u00e0 Bayonne et Anglet, pas de grosses perturbations<\/a><\/p>\n<p>&#8211; <a target=\"_self\" rel=\"nofollow noopener\" href=\"https:\/\/www.sudouest.fr\/societe\/bloquons-tout\/bloquons-tout-le-10-septembre-a-saintes-les-premiers-manifestants-occupent-une-partie-du-rond-point-de-la-brulerie-25865678.php\">A Saintes, les premiers manifestants occupent une partie du rond-point de la Br\u00fblerie<\/a><\/p>\n","protected":false},"excerpt":{"rendered":"Des actions se d\u00e9roulent partout en France ce mercredi \u00e0 l\u2019appel de \u00abBloquons tout\u00bb, une mobilisation citoyenne n\u00e9e&hellip;\n","protected":false},"author":2,"featured_media":380280,"comment_status":"","ping_status":"","sticky":false,"template":"","format":"standard","meta":{"footnotes":""},"categories":[2817],"tags":[1111,11,1997,1777,674,1011,27,12,2219,25],"class_list":{"0":"post-380279","1":"post","2":"type-post","3":"status-publish","4":"format-standard","5":"has-post-thumbnail","7":"category-bordeaux","8":"tag-actu","9":"tag-actualites","10":"tag-bordeaux","11":"tag-eu","12":"tag-europe","13":"tag-fr","14":"tag-france","15":"tag-news","16":"tag-nouvelle-aquitaine","17":"tag-republique-francaise"},"share_on_mastodon":{"url":"https:\/\/pubeurope.com\/@fr\/115180095726929302","error":""},"_links":{"self":[{"href":"https:\/\/www.europesays.com\/fr\/wp-json\/wp\/v2\/posts\/380279","targetHints":{"allow":["GET"]}}],"collection":[{"href":"https:\/\/www.europesays.com\/fr\/wp-json\/wp\/v2\/posts"}],"about":[{"href":"https:\/\/www.europesays.com\/fr\/wp-json\/wp\/v2\/types\/post"}],"author":[{"embeddable":true,"href":"https:\/\/www.europesays.com\/fr\/wp-json\/wp\/v2\/users\/2"}],"replies":[{"embeddable":true,"href":"https:\/\/www.europesays.com\/fr\/wp-json\/wp\/v2\/comments?post=380279"}],"version-history":[{"count":0,"href":"https:\/\/www.europesays.com\/fr\/wp-json\/wp\/v2\/posts\/380279\/revisions"}],"wp:featuredmedia":[{"embeddable":true,"href":"https:\/\/www.europesays.com\/fr\/wp-json\/wp\/v2\/media\/380280"}],"wp:attachment":[{"href":"https:\/\/www.europesays.com\/fr\/wp-json\/wp\/v2\/media?parent=380279"}],"wp:term":[{"taxonomy":"category","embeddable":true,"href":"https:\/\/www.europesays.com\/fr\/wp-json\/wp\/v2\/categories?post=380279"},{"taxonomy":"post_tag","embeddable":true,"href":"https:\/\/www.europesays.com\/fr\/wp-json\/wp\/v2\/tags?post=380279"}],"curies":[{"name":"wp","href":"https:\/\/api.w.org\/{rel}","templated":true}]}}