{"id":380281,"date":"2025-09-10T12:52:19","date_gmt":"2025-09-10T12:52:19","guid":{"rendered":"https:\/\/www.europesays.com\/fr\/380281\/"},"modified":"2025-09-10T12:52:19","modified_gmt":"2025-09-10T12:52:19","slug":"a-toulouse-deux-anciens-membres-du-groupe-zebda-vont-donner-un-concert-exceptionnel-sur-leau-dans-un-endroit-habituellement-ferme-au-public","status":"publish","type":"post","link":"https:\/\/www.europesays.com\/fr\/380281\/","title":{"rendered":"\u00c0 Toulouse, deux anciens membres du groupe Zebda vont donner un concert exceptionnel sur l&rsquo;eau dans un endroit habituellement ferm\u00e9 au public"},"content":{"rendered":"<p>\t\t\t\t\t\t\t\t\t\t\t\t\t\t\t\t\t\t\t\t\t\t<img loading=\"lazy\" decoding=\"async\" src=\"data:image\/svg+xml,%3Csvg%20xmlns=\" http:=\"\" class=\"img-fluid\" alt=\"Zebda cales du Radoub\" width=\"1024\" height=\"683\" data-lazy-src=\"https:\/\/www.europesays.com\/fr\/wp-content\/uploads\/2025\/09\/Zebda-cales-du-Radoub-1024x683.jpg\"\/><\/p>\n<p>C\u2019est l\u2019\u00e9v\u00e9nement du <a href=\"https:\/\/toulousesecret.com\/que-faire-a-toulouse-ce-week-end\/\" rel=\"noopener noreferrer nofollow\" target=\"_self\" class=\"shortcode-outbound-link\" data-has-ga=\"true\" data-ga-type=\"click\" data-label=\"https:\/\/toulousesecret.com\/que-faire-a-toulouse-ce-week-end\/\" data-action=\"text_cta_0\" data-category=\"click_internal\">week-end<\/a> que l\u2019on attend avec impatience ! Le <strong>dimanche 14 septembre 2025<\/strong>, Mouss &amp; Hakim, anciens membres incontournables du groupe <strong>Zebda<\/strong>, donneront un<strong> concert solidaire<\/strong> \u00e0 20h aux cales de Radoub. Ce duo toulousain iconique va faire vibrer ce joyau du patrimoine fluvial rarement ouvert au public lors d\u2019une soir\u00e9e m\u00e9morable. Et cerise sur le g\u00e2teau, l\u2019\u00e9v\u00e9nement a pour but de <strong>soutenir la replantation du canal du Midi<\/strong>. On fonce ?<\/p>\n<p> Un concert in\u00e9dit d\u2019ex-membres de Zebda dans un lieu secret de Toulouse, les cales du Radoub <\/p>\n<p>Ce n\u2019est pas tous les jours que l\u2019on peut entrer dans les fameuses <strong>cales de Radoub<\/strong>, ces bassins myst\u00e9rieux qui bordent le canal du Midi et qui n\u2019ouvrent leurs portes qu\u2019exceptionnellement ! Pourtant, c\u2019est bien ici, \u00e0 deux pas du centre-ville, que Mouss &amp; Hakim installeront leurs micro pour une soir\u00e9e unique. Le public profitera d\u2019un show \u00e9poustouflant sur l\u2019eau, au c\u0153ur d\u2019une infrastructure industrielle qu\u2019on ne remarque que peu.<\/p>\n<p>En plus de d\u00e9couvrir les derniers titres compos\u00e9s sur les textes de <a href=\"https:\/\/toulousesecret.com\/claude-nougaro-toulouse\/\" rel=\"noopener noreferrer nofollow\" target=\"_self\" class=\"shortcode-outbound-link\" data-has-ga=\"true\" data-ga-type=\"click\" data-label=\"https:\/\/toulousesecret.com\/claude-nougaro-toulouse\/\" data-action=\"text_cta_1\" data-category=\"click_internal\">Claude Nougaro<\/a> et leurs chansons embl\u00e9matiques, vous participerez \u00e0 un moment de partage au profit d\u2019une cause locale : <strong>la pr\u00e9servation du canal et la replantation des arbres bordant ses berges<\/strong>.<\/p>\n<p> <img fetchpriority=\"high\" decoding=\"async\" class=\"size-full wp-image-13726\" src=\"data:image\/svg+xml,%3Csvg%20xmlns=\" http:=\"\" alt=\"Zebda cales du Radoub\" width=\"1200\" height=\"800\" data-lazy- data-lazy- data-lazy-src=\"https:\/\/www.europesays.com\/fr\/wp-content\/uploads\/2025\/09\/Zebda-cales-du-Radoub-1.jpg\"\/>\u00c0 gauche : \u00a9 Tilly antoine (Wikip\u00e9dia) | \u00c0 droire : \u00a9 Replantons le Canal du Midi Mouss &amp; Hakim : l\u2019\u00e9nergie Zebda pour une bonne cause <\/p>\n<p>Artistes engag\u00e9s et fr\u00e8res \u00e0 la vie comme sur sc\u00e8ne, Mouss &amp; Hakim font partie de l\u2019ADN musical de Toulouse depuis plus de 30 ans. En effet, de Zebda \u00e0 Origines Contr\u00f4l\u00e9es, leur voix porte haut les couleurs et les luttes de la Ville Rose. Ce <strong>concert aux cales de Radoub<\/strong>, en partenariat avec la Mission m\u00e9c\u00e9nat de Voies Navigables de France, est bien plus qu\u2019un simple \u00e9v\u00e9nement culturel : c\u2019est un rendez-vous solidaire, festif et militant.<\/p>\n<p>Enfin, sachez que toutes les recettes de la billetterie seront revers\u00e9es au projet \u201cReplanter le canal du Midi\u201d, un chantier d\u2019int\u00e9r\u00eat patrimonial et \u00e9cologique. Les portes ouvrent d\u00e8s 19h avec <strong>restauration sur place<\/strong>. Le concert d\u00e9butera quant \u00e0 lui \u00e0 20h pr\u00e9cises. Un conseil : ne tardez pas \u00e0 <a href=\"https:\/\/www.billetweb.fr\/melodies-du-canal-mouss-hakim-zebda-concert\" rel=\"nofollow noopener noreferrer\" target=\"_blank\" class=\"shortcode-outbound-link\" data-has-ga=\"true\" data-ga-type=\"click\" data-label=\"https:\/\/www.billetweb.fr\/melodies-du-canal-mouss-hakim-zebda-concert\" data-action=\"text_cta_2\" data-category=\"click_non_sales\">r\u00e9server vos billets<\/a>, la jauge est limit\u00e9e et l\u2019\u00e9v\u00e9nement s\u2019annonce complet tr\u00e8s vite !<\/p>\n","protected":false},"excerpt":{"rendered":"C\u2019est l\u2019\u00e9v\u00e9nement du week-end que l\u2019on attend avec impatience ! Le dimanche 14 septembre 2025, Mouss &amp; Hakim,&hellip;\n","protected":false},"author":2,"featured_media":380282,"comment_status":"","ping_status":"","sticky":false,"template":"","format":"standard","meta":{"footnotes":""},"categories":[2816],"tags":[1111,11,1777,674,1011,27,12,2680,25,2312],"class_list":{"0":"post-380281","1":"post","2":"type-post","3":"status-publish","4":"format-standard","5":"has-post-thumbnail","7":"category-toulouse","8":"tag-actu","9":"tag-actualites","10":"tag-eu","11":"tag-europe","12":"tag-fr","13":"tag-france","14":"tag-news","15":"tag-occitanie","16":"tag-republique-francaise","17":"tag-toulouse"},"share_on_mastodon":{"url":"https:\/\/pubeurope.com\/@fr\/115180099546003073","error":""},"_links":{"self":[{"href":"https:\/\/www.europesays.com\/fr\/wp-json\/wp\/v2\/posts\/380281","targetHints":{"allow":["GET"]}}],"collection":[{"href":"https:\/\/www.europesays.com\/fr\/wp-json\/wp\/v2\/posts"}],"about":[{"href":"https:\/\/www.europesays.com\/fr\/wp-json\/wp\/v2\/types\/post"}],"author":[{"embeddable":true,"href":"https:\/\/www.europesays.com\/fr\/wp-json\/wp\/v2\/users\/2"}],"replies":[{"embeddable":true,"href":"https:\/\/www.europesays.com\/fr\/wp-json\/wp\/v2\/comments?post=380281"}],"version-history":[{"count":0,"href":"https:\/\/www.europesays.com\/fr\/wp-json\/wp\/v2\/posts\/380281\/revisions"}],"wp:featuredmedia":[{"embeddable":true,"href":"https:\/\/www.europesays.com\/fr\/wp-json\/wp\/v2\/media\/380282"}],"wp:attachment":[{"href":"https:\/\/www.europesays.com\/fr\/wp-json\/wp\/v2\/media?parent=380281"}],"wp:term":[{"taxonomy":"category","embeddable":true,"href":"https:\/\/www.europesays.com\/fr\/wp-json\/wp\/v2\/categories?post=380281"},{"taxonomy":"post_tag","embeddable":true,"href":"https:\/\/www.europesays.com\/fr\/wp-json\/wp\/v2\/tags?post=380281"}],"curies":[{"name":"wp","href":"https:\/\/api.w.org\/{rel}","templated":true}]}}