{"id":380283,"date":"2025-09-10T12:53:10","date_gmt":"2025-09-10T12:53:10","guid":{"rendered":"https:\/\/www.europesays.com\/fr\/380283\/"},"modified":"2025-09-10T12:53:10","modified_gmt":"2025-09-10T12:53:10","slug":"toulouse-top-14-jai-envie-de-le-concurrencer-meme-si-ca-parait-impossible-paul-graou-au-sujet-dantoine-dupont","status":"publish","type":"post","link":"https:\/\/www.europesays.com\/fr\/380283\/","title":{"rendered":"Toulouse. Top 14 \u2013 \u00ab\u00a0J\u2019ai envie de le concurrencer m\u00eame si \u00e7a para\u00eet impossible\u00a0\u00bb\u00a0: Paul Graou au sujet d\u2019Antoine Dupont"},"content":{"rendered":"<p>\n                Sous le feu des projecteurs en fin de saison derni\u00e8re apr\u00e8s la blessure d\u2019Antoine Dupont, Paul Graou est un ami de grande date du capitaine des Bleus. Ce dernier s\u2019est exprim\u00e9 sur leur relation.\n            <\/p>\n<p>Ce n\u2019est pas toujours facile d\u2019\u00eatre la doublure d\u2019Antoine Dupont. Cette vie, Paul Graou s\u2019y est habitu\u00e9. Arriv\u00e9 en 2022 en Haut-Garonne, l\u2019ancien d\u2019Agen ou Montauban porte\u00a0depuis ce jour les m\u00eames couleurs que le capitaine des Bleus. Concurrents mais surtout amis de grande date depuis leurs ann\u00e9es auscitaines, les deux hommes cohabitent chez les Rouge et Noir.<\/p>\n<p>Dans un entretien accord\u00e9 \u00e0 L\u2019\u00c9quipe, Graou est revenu sur leur relation\u00a0: \u00ab\u00a0On se conna\u00eet depuis dix ans. On a jou\u00e9 en cadets \u00e0 Auch. Quand je jouais \u00e0 Montauban (2017-2021), il m\u2019arrivait de squatter chez lui. On ne parle pas forc\u00e9ment de rugby. Au moment de sa blessure, j\u2019ai tent\u00e9 d\u2019\u00eatre l\u00e0 pour lui.\u00a0\u00bb\u00a0Dupont \u00e9cart\u00e9 des terrains pendant de longs mois, la carri\u00e8re de Graou a pris une autre dimension. Titulaire lors de la phase finale de Champions Cup et de Top 14, le joueur de 28 ans a soulev\u00e9 le bouclier de Brennus avec le num\u00e9ro neuf dans le dos.<\/p>\n<p>\u00ab\u00a0Petit \u00e0 petit, les ambitions grandissent\u00a0\u00bb<\/p>\n<p>Cette nouvelle saison, le demi de m\u00eal\u00e9e l\u2019aborde avec ambition. Antoine Dupont est attendu sur les terrains durant le mois de novembre. Alors quand on lui pose la question de savoir s\u2019il va conserver sa place \u00e0 la m\u00eal\u00e9e, Graou r\u00e9pond avec le sourire\u00a0: \u00ab\u00a0Quand\u00a0je suis arriv\u00e9 \u00e0 Toulouse, mon objectif \u00e9tait de r\u00e9pondre pr\u00e9sent \u00e0 chaque fois qu\u2019on ferait appel \u00e0 moi. Petit \u00e0 petit, les ambitions grandissent. Donc oui, j\u2019ai envie de le concurrencer, m\u00eame si \u00e7a parait impossible (rire). C\u2019est une fa\u00e7on de se concurrencer soi-m\u00eame. Pour la saison qui arrive, j\u2019en veux encore plus.\u00a0\u00bb<\/p>\n<p>\u00c0 Clermont, le meneur de jeu toulousain a rendu une bonne copie, avec un essai en prime. De quoi relancer la machine de belle mani\u00e8re.<\/p>\n","protected":false},"excerpt":{"rendered":"Sous le feu des projecteurs en fin de saison derni\u00e8re apr\u00e8s la blessure d\u2019Antoine Dupont, Paul Graou est&hellip;\n","protected":false},"author":2,"featured_media":380284,"comment_status":"","ping_status":"","sticky":false,"template":"","format":"standard","meta":{"footnotes":""},"categories":[2816],"tags":[1111,11,1777,674,1011,27,12,2680,25,2312],"class_list":{"0":"post-380283","1":"post","2":"type-post","3":"status-publish","4":"format-standard","5":"has-post-thumbnail","7":"category-toulouse","8":"tag-actu","9":"tag-actualites","10":"tag-eu","11":"tag-europe","12":"tag-fr","13":"tag-france","14":"tag-news","15":"tag-occitanie","16":"tag-republique-francaise","17":"tag-toulouse"},"share_on_mastodon":{"url":"https:\/\/pubeurope.com\/@fr\/115180103525307352","error":""},"_links":{"self":[{"href":"https:\/\/www.europesays.com\/fr\/wp-json\/wp\/v2\/posts\/380283","targetHints":{"allow":["GET"]}}],"collection":[{"href":"https:\/\/www.europesays.com\/fr\/wp-json\/wp\/v2\/posts"}],"about":[{"href":"https:\/\/www.europesays.com\/fr\/wp-json\/wp\/v2\/types\/post"}],"author":[{"embeddable":true,"href":"https:\/\/www.europesays.com\/fr\/wp-json\/wp\/v2\/users\/2"}],"replies":[{"embeddable":true,"href":"https:\/\/www.europesays.com\/fr\/wp-json\/wp\/v2\/comments?post=380283"}],"version-history":[{"count":0,"href":"https:\/\/www.europesays.com\/fr\/wp-json\/wp\/v2\/posts\/380283\/revisions"}],"wp:featuredmedia":[{"embeddable":true,"href":"https:\/\/www.europesays.com\/fr\/wp-json\/wp\/v2\/media\/380284"}],"wp:attachment":[{"href":"https:\/\/www.europesays.com\/fr\/wp-json\/wp\/v2\/media?parent=380283"}],"wp:term":[{"taxonomy":"category","embeddable":true,"href":"https:\/\/www.europesays.com\/fr\/wp-json\/wp\/v2\/categories?post=380283"},{"taxonomy":"post_tag","embeddable":true,"href":"https:\/\/www.europesays.com\/fr\/wp-json\/wp\/v2\/tags?post=380283"}],"curies":[{"name":"wp","href":"https:\/\/api.w.org\/{rel}","templated":true}]}}