{"id":380285,"date":"2025-09-10T12:54:25","date_gmt":"2025-09-10T12:54:25","guid":{"rendered":"https:\/\/www.europesays.com\/fr\/380285\/"},"modified":"2025-09-10T12:54:25","modified_gmt":"2025-09-10T12:54:25","slug":"alternatif-mag-mieline-le-gout-du-partage","status":"publish","type":"post","link":"https:\/\/www.europesays.com\/fr\/380285\/","title":{"rendered":"[Alternatif mag] Mi\u00e9line, le go\u00fbt du partage"},"content":{"rendered":"<p class=\"introduction\">\u00c0 Roubaix, Mi\u00e9line ne cuisine pas seulement pour nourrir : elle cuisine pour rassembler, transmettre et faire vibrer les souvenirs d\u2019enfance.<\/p>\n<p>Avec son rire communicatif et sa passion pour les plats g\u00e9n\u00e9reux, <a href=\"https:\/\/www.mieline.com\/\" rel=\"nofollow noopener\" target=\"_blank\">Mi\u00e9line<\/a> nous ouvre les portes de son restaurant\u2026 et de son c\u0153ur. On y parle tchoutchouka, Kabylie, secrets de cuisson, march\u00e9s roubaisiens, mais aussi de partage et de fiert\u00e9.<\/p>\n<p>\u00a9 Cr\u00e9dit photos Ana\u00efs Gadeau<\/p>\n<p><strong>Un r\u00e9cit savoureux,<br \/><\/strong><strong>une recette familiale,<br \/>et une femme inspirante<br \/>\u00e0 d\u00e9couvrir dans Alternatif.<\/strong><\/p>\n","protected":false},"excerpt":{"rendered":"\u00c0 Roubaix, Mi\u00e9line ne cuisine pas seulement pour nourrir : elle cuisine pour rassembler, transmettre et faire vibrer&hellip;\n","protected":false},"author":2,"featured_media":380286,"comment_status":"","ping_status":"","sticky":false,"template":"","format":"standard","meta":{"footnotes":""},"categories":[2815],"tags":[1111,11,1777,674,1011,27,811,1307,12,25],"class_list":{"0":"post-380285","1":"post","2":"type-post","3":"status-publish","4":"format-standard","5":"has-post-thumbnail","7":"category-lille","8":"tag-actu","9":"tag-actualites","10":"tag-eu","11":"tag-europe","12":"tag-fr","13":"tag-france","14":"tag-hauts-de-france","15":"tag-lille","16":"tag-news","17":"tag-republique-francaise"},"share_on_mastodon":{"url":"https:\/\/pubeurope.com\/@fr\/115180107697948908","error":""},"_links":{"self":[{"href":"https:\/\/www.europesays.com\/fr\/wp-json\/wp\/v2\/posts\/380285","targetHints":{"allow":["GET"]}}],"collection":[{"href":"https:\/\/www.europesays.com\/fr\/wp-json\/wp\/v2\/posts"}],"about":[{"href":"https:\/\/www.europesays.com\/fr\/wp-json\/wp\/v2\/types\/post"}],"author":[{"embeddable":true,"href":"https:\/\/www.europesays.com\/fr\/wp-json\/wp\/v2\/users\/2"}],"replies":[{"embeddable":true,"href":"https:\/\/www.europesays.com\/fr\/wp-json\/wp\/v2\/comments?post=380285"}],"version-history":[{"count":0,"href":"https:\/\/www.europesays.com\/fr\/wp-json\/wp\/v2\/posts\/380285\/revisions"}],"wp:featuredmedia":[{"embeddable":true,"href":"https:\/\/www.europesays.com\/fr\/wp-json\/wp\/v2\/media\/380286"}],"wp:attachment":[{"href":"https:\/\/www.europesays.com\/fr\/wp-json\/wp\/v2\/media?parent=380285"}],"wp:term":[{"taxonomy":"category","embeddable":true,"href":"https:\/\/www.europesays.com\/fr\/wp-json\/wp\/v2\/categories?post=380285"},{"taxonomy":"post_tag","embeddable":true,"href":"https:\/\/www.europesays.com\/fr\/wp-json\/wp\/v2\/tags?post=380285"}],"curies":[{"name":"wp","href":"https:\/\/api.w.org\/{rel}","templated":true}]}}