{"id":380287,"date":"2025-09-10T12:55:12","date_gmt":"2025-09-10T12:55:12","guid":{"rendered":"https:\/\/www.europesays.com\/fr\/380287\/"},"modified":"2025-09-10T12:55:12","modified_gmt":"2025-09-10T12:55:12","slug":"les-brocantes-braderies-et-vide-greniers-organises-dans-le-nord-le-week-end-des-13-et-14-septembre","status":"publish","type":"post","link":"https:\/\/www.europesays.com\/fr\/380287\/","title":{"rendered":"Les brocantes, braderies et vide-greniers organis\u00e9s dans le Nord le week-end des 13 et 14 septembre"},"content":{"rendered":"<p>            Par<br \/>\n        <strong><br \/>\n            <a href=\"https:\/\/actu.fr\/auteur\/hervine-mahaud\" title=\"Consulter tous les articles de Hervine Mahaud\" rel=\"nofollow noopener\" target=\"_blank\">Hervine Mahaud<\/a><br \/>\n        <\/strong><\/p>\n<p>        Publi\u00e9 le<\/p>\n<p>            10 sept. 2025 \u00e0 12h00        <\/p>\n<p>Bien remis de la <a href=\"https:\/\/actu.fr\/tag\/braderie-de-lille\" rel=\"nofollow noopener\" target=\"_blank\">Braderie de Lille<\/a>\u2009? \u00c7a tombe bien\u2009! Le week-end des samedi\u00a013 et dimanche 14\u00a0septembre 2025, il sera encore possible de faire de <b>bonnes affaires<\/b> lors des tr\u00e8s nombreuses <b>brocantes<\/b> organis\u00e9es dans le <b>Nord<\/b>. Pour compl\u00e9ter, retrouvez aussi <a href=\"https:\/\/actu.fr\/loisirs-culture\/voici-les-brocantes-et-vide-greniers-prevus-dans-le-pas-de-calais-ces-samedi-13-et-dimanche-14-septembre_63140328.html\" rel=\"nofollow noopener\" target=\"_blank\">la liste des march\u00e9s aux puces pr\u00e9vus dans le Pas-de-Calais<\/a>.<\/p>\n<p>Samedi 13\u00a0septembre 2025<\/p>\n<p class=\" wall-content\"><b>Autour de Dunkerque\u2009:<\/b><\/p>\n<ul class=\" wall-content\">\n<li><b>Bailleul<\/b> \u2013 Brocante de 7h00 \u00e0 16h00. Rue de la Gare, rue Emile Hi\u00e9, rue du G\u00e9n\u00e9ral Cheroutre. 300\u00a0exposants.<\/li>\n<li><b>Blaringhem<\/b> \u2013 Brocante de 7h00 \u00e0 13h00. Centre du village. 150\u00a0exposants.<\/li>\n<li><b>Coudekerque-Branche<\/b> \u2013 Brocante de 6h00 \u00e0 18h00. Quartier Sainte-Germaine.<\/li>\n<li><b>Estaires<\/b> \u2013 Brocante de 15h00 \u00e0 21h00 Rue du Coll\u00e8ge, rue Kennedy, rue du G\u00e9n\u00e9ral de Gaulle, rue Emile Roche. 300\u00a0exposants.<\/li>\n<li><b>Petite-Synthe<\/b> \u2013 Brocante de 7h00 \u00e0 17h00. Boulevard Louis XIV, place Louis XIV, rue Jules Cardock, rue Ren\u00e9 Verheecke. 100\u00a0exposants.<\/li>\n<\/ul>\n<p class=\" wall-content\"><b>Autour de Lille\u2009:<\/b><\/p>\n<ul class=\" wall-content\">\n<li><b>Allennes-les-Marais<\/b> \u2013 Braderie de 8h00 \u00e0 16h00. Square Georges Brassens, square Marcel Paul, rue de l\u2019Enclos. 120\u00a0exposants.<\/li>\n<li><b>Armenti\u00e8res<\/b> \u2013 Brocante de 8h00 \u00e0 18h00. Rue de Lille, rue de Dunkerque, place du G\u00e9n\u00e9ral de Gaulle, rue Emile Choquet, rue des Capucins, rue du Mar\u00e9chal Foch, rue du Pr\u00e9sident Kennedy. 250\u00a0exposants.<\/li>\n<li><b>Comines<\/b> \u2013 Brocante de 7h00 \u00e0 15h00. Rue de Lille, rue Paul \u00c9luard, rue de Timborne. 500\u00a0exposants.<\/li>\n<li><b>Gruson<\/b> \u2013 Braderie nocturne de 18h00 \u00e0 23h00. Rue Calmette, rue de Verdun, place de la Mairie.<\/li>\n<li><b>Loos<\/b> \u2013 Vente de livres, vinyles, CD, DVD, timbres, cartes postales de 10h00 \u00e0 17h00. Enfance et Vie, 109 rue du Docteur Calmette.<\/li>\n<li><b>Marcq-en-Bar\u0153ul<\/b> \u2013 Brocante de 7h00 \u00e0 14h00. Salle Bourvil, rue des Tisserands. 200\u00a0exposants.<\/li>\n<li><b>Sainghin-en-Weppes<\/b> \u2013 Vide-greniers de 6h00 \u00e0 15h00. Rue du Capitaine Lheureux, rue Jules Guesde, rue du Mar\u00e9chal Leclerc, rue Jean Jaur\u00e8s. 500\u00a0exposants.<\/li>\n<li><b>Toufflers<\/b> \u2013 Vide-greniers de 16h00 \u00e0 21h00. Rue du Pinson, rue des M\u00e9sanges, rue du Roitelet. 300\u00a0exposants.<\/li>\n<li><b>Tourcoing<\/b> \u2013 Vide-greniers de 8h00 \u00e0 15h00. Place de la R\u00e9publique, parvis Saint-Christophe, avenue du G\u00e9n\u00e9ral Leclerc, rue de Tournai. 300\u00a0exposants.<\/li>\n<li><b>Wavrin<\/b> \u2013 March\u00e9 aux puces de 9h00 \u00e0 16h00. Avenue de l\u2019Europe, rue Schaffner, rue Desrousseaux, all\u00e9e de Gascogne. 200\u00a0exposants.<\/li>\n<\/ul>\n<p class=\" wall-content\"><b>Autour de Douai\u2009:<\/b><\/p>\n<ul class=\" wall-content\">\n<li><b>Douai<\/b> \u2013 Vide-greniers de 8h00 \u00e0 18h00. Rue de Provin. 50\u00a0exposants.<\/li>\n<li><b>Lallaing<\/b> \u2013 Brocante de 10h00 \u00e0 16h00. Rue des Acacias, rue des Berberis, rue des Cl\u00e9matites, rue des Delphiniums. 200\u00a0exposants<\/li>\n<li><b>Montigny-en-Ostrevent<\/b> \u2013 Bourse aux jouets de 9h00 \u00e0 18h00. Salle des f\u00eates Jean Monnet, avenue Raymond Honor\u00e9. Moins de 50\u00a0exposants.<\/li>\n<li><b>Vred<\/b> \u2013 F\u00eate du jeu de 10h00 \u00e0 19h00. Foyer rural, avenue du foyer rural. 10\u00a0exposants.<\/li>\n<\/ul>\n<p class=\" wall-content\"><b>Autour de Cambrai\u2009:<\/b><\/p>\n<ul class=\" wall-content\">\n<li><b>B\u00e9thencourt<\/b> \u2013 Brocante de 8h00 \u00e0 18h00. Place L\u00e9on Gambetta, rue Victor Hugo, rue de Verdun. 50\u00a0exposants.<\/li>\n<li><b>Caudry<\/b> \u2013 Brocante de 7h00 \u00e0 18h00. Rue F\u00e9nelon, rue Maupassant, rue de Paris. rue Pascal. 200\u00a0exposants<\/li>\n<li><b>Montigny-en-Cambr\u00e9sis<\/b> \u2013 Brocante de 7h00 \u00e0 18h00. Au centre du village.<\/li>\n<\/ul>\n<p class=\" wall-content\"><b>Autour de Valenciennes\u2009:<\/b><\/p>\n<ul class=\" wall-content\">\n<li><b>Beuvrages<\/b> \u2013 Brocante en salle de 8h00 \u00e0 18h00. Salle Coubertin, rue \u00c9mile Zola. 50\u00a0exposants.<\/li>\n<li><b>Bouchain<\/b> \u2013 Brocante de 7h00 \u00e0 14h00. Cit\u00e9 Villars, rue des Fr\u00e8res R\u00e9gnier.<\/li>\n<\/ul>\n<p>Dimanche 14\u00a0septembre 2025<\/p>\n<p class=\" wall-content\"><b>Autour de Dunkerque\u2009:<\/b><\/p>\n<ul class=\" wall-content\">\n<li><b>Craywick<\/b> \u2013 Brocante de 7h00 \u00e0 16h00. Rue des Jonquilles, rue de l\u2019\u00c9glise, rue des Primev\u00e8res. 100\u00a0exposants.<\/li>\n<li><b>Hazebrouck<\/b> \u2013 Brocante de 8h00 \u00e0 16h00. Rue Pasteur, rue Verlyck, rue du 8\u00a0Mai, rue C\u00e9sar Sams\u00f6en. 500\u00a0exposants.<\/li>\n<li><b>Hoymille<\/b> \u2013 Brocante de 8h00 \u00e0 16h00. Rue du Zyckelin, rue d\u2019Anjou, rue d\u2019Auvergne, rue d\u2019Alsace, place du Reuze.<\/li>\n<\/ul>\n<p class=\" wall-content\"><b>Autour de Lille\u2009:<\/b><\/p>\n<ul class=\" wall-content\">\n<li><b>Bourghelles<\/b> \u2013 Vide-greniers de 7h30 \u00e0 13h30. Rue Clemenceau, rue Foch, rue Joffre, rue Louis Barthou. 300\u00a0exposants.<\/li>\n<li><b>Forest-sur-Marque<\/b> \u2013 Vide-greniers de 8h00 \u00e0 15h00. Rue principale.<\/li>\n<li><b>Hellemmes<\/b> \u2013 Vide-greniers de 8h00 \u00e0 15h00. Rue Roger Salengro, rue Chanzy, rue des Martyrs, rue Faidherbe. 800\u00a0exposants.<\/li>\n<li><b>Herlies<\/b> \u2013 Braderie de 8h30 \u00e0 15h00. Place de l\u2019Europe. 100\u00a0exposants.<\/li>\n<li><b>La<\/b> <b>Madeleine<\/b> \u2013 Vide-greniers de 8h00 \u00e0 16h00. Place du March\u00e9, place des Fusill\u00e9s. 465 emplacements.<\/li>\n<li><b>Lambersart<\/b> \u2013 Vide-greniers de 8h00 \u00e0 13h00. Avenue du Champ de Course, avenue du Mar\u00e9chal de Lattre de Tassigny, avenue Marcel de Rycke, avenue du Pesage, rue des Tribunes. 300\u00a0exposants.<\/li>\n<li><b>Lille<\/b> \u2013 Vide-greniers de 12h00 \u00e0 18h00. Rue du Faubourg de Roubaix, rue Saint-Gabriel, rue V\u00e9ron\u00e8se, rue Gounod, rue Bobillot. 300\u00a0exposants.<\/li>\n<li><b>Lomme<\/b> \u2013 Vide-greniers de 7h00 \u00e0 14h00. Avenue de Dunkerque, rue Albert Thomas, rue Danton, rue Prosper Franck, rue Varlin. 300\u00a0exposants.<\/li>\n<li><b>Loos<\/b> \u2013 Braderie de 7h00 \u00e0 13h00. Rue Antoine Watteau, rue Camille Corot, rue Gustave Courbet, rue Auguste Renoir. 150\u00a0exposants.<\/li>\n<li><b>Marcq-en-Bar\u0153ul<\/b> \u2013\u00a0Brocante de 8h00 \u00e0 13h00. Rue de Rouges Barres, rue May Four, rue de Valmy, rue du Luxembourg. 450\u00a0exposants.<\/li>\n<li><b>Marcq-en-Bar\u0153ul<\/b> \u2013 Bourse de montres anciennes et modernes de 10h00 \u00e0 16h30. Hippodrome, 137 boulevard Cl\u00e9menceau. 90\u00a0exposants. Entr\u00e9e 5\u00a0\u20ac.<\/li>\n<li><b>Marquette-lez-Lille<\/b> \u2013 Vide-greniers de 9h00 \u00e0 16h00. Rue Jean Froissart, rue Derville, rue de Steenvoorde. 300\u00a0exposants.<\/li>\n<li><b>Marquillies<\/b> \u2013 Vide-greniers de 8h00 \u00e0 15h00. Rue du Chemin Neuf, rue Anne-Marie Javouhey, avenue des Roses.<\/li>\n<li><b>M\u00e9rignies<\/b> \u2013 Vide-greniers de 9h00 \u00e0 16h00. Cour de l\u2019\u00e9cole Jacques Brel, 137 rue de la Gaillarderie. 100\u00a0exposants.<\/li>\n<li><b>Mouvaux<\/b> \u2013 Vide-greniers de 8h00 \u00e0 13h00. Rue Maxence Vandermeersch, rue Saint-Pierre, rue Saint-Paul, rue Joseph Hentg\u00e8s. 350\u00a0exposants.<\/li>\n<li><b>Ronchin<\/b> \u2013 Vide-greniers de 8h00 \u00e0 14h30. Rue Hector Berlioz, rue Salvador Allende, rue Gounod, rue Lulli. 400\u00a0exposants.<\/li>\n<li><b>Seclin<\/b> \u2013\u00a0Brocante de 8h00 \u00e0 13h00. Rue des Euwis. 100\u00a0exposants.<\/li>\n<li><b>Templeuve<\/b> \u2013 Vide-greniers de 8h00 \u00e0 13h00. Rue Victor Hugo, rue Charles Bonnier, rue Jean Moulin, rue Victor Olivier. 120\u00a0exposants.<\/li>\n<li><b>Tourcoing<\/b> \u2013 Vide-greniers de 8h00 \u00e0 16h00. Avenue de la Marne. 70\u00a0exposants.<\/li>\n<li><b>Wattrelos<\/b> \u2013 Vide-greniers des Berlouffes de 8h00 \u00e0 17h00. Rue Carnot, rue Jean Jaur\u00e8s, rue Victor Leplat, rue de Londres. 2300 emplacements<\/li>\n<\/ul>\n<p>Votre r\u00e9gion, votre actu !<\/p>\n<p>Recevez chaque jour les infos qui comptent pour vous.<\/p>\n<p>\t<a href=\"https:\/\/actu.fr\/newsletter\" class=\"ac-btn ac-btn--corner ac-btn--medium ac-btn--blue800\" rel=\"nofollow noopener\" target=\"_blank\">S&rsquo;incrire<\/a><\/p>\n<p class=\" wall-content\"><b>Autour de Douai\u2009:<\/b><\/p>\n<ul class=\" wall-content\">\n<li><b>Beuvry-la-For\u00eat<\/b> \u2013 Brocante de 7h00 \u00e0 13h00. Rue du Ghien.<\/li>\n<li><b>Douai<\/b> \u2013 Vide-greniers de 8h00 \u00e0 16h30. Avenue d\u2019Alsace-Lorraine. 280\u00a0exposants.<\/li>\n<li><b>Erchin<\/b> \u2013 Brocante de 8h00 \u00e0 14h00. Rue de la Mairie, rue de Villers. 180\u00a0exposants.<\/li>\n<li><b>Erre<\/b> \u2013 Vide-greniers de 7h00 \u00e0 13h00. Rue des Lilas, rue des Capucines. 50\u00a0exposants.<\/li>\n<li><b>Esquerchin<\/b> \u2013 Brocante de 7h00 \u00e0 13h00. Rue Marcel Leroy, rue de l\u2019Abbaye.<\/li>\n<li><b>Orchies<\/b> \u2013 Brocante de 8h00 \u00e0 14h00. Rue Jules Roch, place du G\u00e9n\u00e9ral de Gaulle, rue Jules Ferry, faubourg de Douai, rue de l\u2019\u00e9glise et rues aux alentours. 350\u00a0exposants.<\/li>\n<li><b>Sin-le-Noble<\/b> \u2013 Brocante de 7h00 \u00e0 16h00. Parking de la Maison de Quartier Albert Camus, avenue Roger Salengro. 55\u00a0exposants.<\/li>\n<li><b>Waziers<\/b> \u2013 Brocante de 8h00 \u00e0 17h00. Rue des Houill\u00e8res. 170\u00a0exposants.<\/li>\n<\/ul>\n<p class=\" wall-content\"><b>Autour de Cambrai\u2009:<\/b><\/p>\n<ul class=\" wall-content\">\n<li><b>Fontaine-Notre-Dame<\/b> \u2013 Brocante de 7h00 \u00e0 15h00. Rue de la R\u00e9publique, canton de Chemille, rue Anatole France, rue de la Gare. 150\u00a0exposants.<\/li>\n<li><b>Haussy<\/b> \u2013 Brocante de 9h00 \u00e0 18h00. Place Jean Jaur\u00e8s, rue de la Victoire, rue Lucien B\u00e9cart, rue Henri Barbusse. 150\u00a0exposants.<\/li>\n<li><b>Masni\u00e8res<\/b> \u2013 Brocante de 7h00 \u00e0 16h00. All\u00e9e des Jonquilles, all\u00e9e des Roses, all\u00e9e des Glycines. 250\u00a0exposants.<\/li>\n<li><b>Neuville-Saint-R\u00e9my<\/b> \u2013 Brocante de 8h00 \u00e0 18h00. Dans le centre du village. De 300 \u00e0 400\u00a0exposants.<\/li>\n<\/ul>\n<p class=\" wall-content\"><b>Autour de Valenciennes\u2009:<\/b><\/p>\n<ul class=\" wall-content\">\n<li><b>Crespin<\/b> \u2013 Brocante de 7h00 \u00e0 17h00. Rue D\u00e9sir\u00e9 Pelabon, rue de la Renaissance, rue Abraham. 280 emplacements.<\/li>\n<li><b>Denain<\/b> \u2013 Vide-greniers en salle de 7h00 \u00e0 17h00. Maison de quartier Faubourg Duchateau, rue Patrick Roy. 70\u00a0exposants.<\/li>\n<li><b>Escautpont<\/b> \u2013 Bourse aux jouets et articles de pu\u00e9riculture de 9h00 \u00e0 17h00. Salle Jean Ferrat, chemin du Fortin. 80\u00a0exposants.<\/li>\n<li><b>Fresnes-sur-Escaut<\/b> \u2013 Brocante de 8h00 \u00e0 18h00. Rue Victor Hugo, rue Vaillant Couturier, place Barbusse.<\/li>\n<li><b>Haulchin<\/b> \u2013 Brocante de 8h00 \u00e0 17h30. Rue de la Pyramide. 150\u00a0exposants.<\/li>\n<li><b>Onnaing<\/b> \u2013 Brocante de 8h00 \u00e0 17h00. Rue de Lille, rue de Maubeuge, rue de Dunkerque, rue de Douai. 300\u00a0exposants.<\/li>\n<li><b>Roeulx<\/b> \u2013 Salon des collectionneurs de 8h30 \u00e0 19h00. Salle des f\u00eates, place Gilbert Henry. 70\u00a0exposants.<\/li>\n<li><b>Rouvignies<\/b> \u2013 Brocante de 7h00 \u00e0 17h00. Rue des Bleuets, rue Carpentier, rue Chopin. 200\u00a0exposants.<\/li>\n<li><b>Saint-Amand-les-Eaux<\/b> \u2013 Brocante de 8h00 \u00e0 16h00. Grand-Place, rue d\u2019Orchies, rue du Docteur Davaine, rue de l\u2019\u00c9glise, rue de Valenciennes et rues aux alentours. 400\u00a0exposants.<\/li>\n<\/ul>\n<p class=\" wall-content\"><b>Autour d\u2019Avesnes-sur-Helpe\u2009:<\/b><\/p>\n<ul class=\" wall-content\">\n<li><b>Audignies<\/b> \u2013 Brocante de 7h00 \u00e0 18h00. Rue d\u2019Hargnies.<\/li>\n<li><b>Dimechaux<\/b> \u2013 Brocante de 7h00 \u00e0 18h00. Rue de la Place. 50\u00a0exposants.<\/li>\n<li><b>Ferri\u00e8re-la-Grande<\/b> \u2013 Brocante de 7h00 \u00e0 17h00. Cit\u00e9 du Marais. 100\u00a0exposants.<\/li>\n<li><b>Forest-en-Cambr\u00e9sis<\/b> \u2013 Brocante de 6h00 \u00e0 18h00. Chauss\u00e9e Brunehaut, rue du Moulin. 400\u00a0exposants.<\/li>\n<li><b>Hargnies<\/b> \u2013 Vide-greniers de 8h00 \u00e0 18h00. Espace Beltrame, entr\u00e9e par la rue de la Fontaine. 100\u00a0exposants.<\/li>\n<li><b>Leval<\/b> \u2013 Brocante de 8h00 \u00e0 17h00. Rue Madame Pierre Curie.<\/li>\n<li><b>Maubeuge<\/b> \u2013 Brocante de 8h00 \u00e0 17h00. Rue de la Croix, rue Gustave Sculfort, place des Cantuaines. 150\u00a0exposants.<\/li>\n<li><b>Vieux-Mesnil<\/b> \u2013 Brocante de 6h00 \u00e0 18h00. Place Manissart, rue Haute, chemin de Manissart, chemin du Faulx. 150\u00a0exposants.<\/li>\n<\/ul>\n<p class=\" wall-content\">Personnalisez votre actualit\u00e9 en ajoutant vos villes et m\u00e9dias en favori avec <a href=\"https:\/\/moncompte.actu.fr\" title=\"D\u00e9couvez Mon Actu\" rel=\"nofollow noopener\" data-trk=\"{&quot;cta&quot;:{&quot;action&quot;:&quot;https:\\\/\\\/moncompte.actu.fr&quot;,&quot;category&quot;:&quot;mon compte&quot;,&quot;from&quot;:&quot;article footer&quot;,&quot;name&quot;:&quot;Mon actu&quot;,&quot;type&quot;:&quot;cta&quot;}}\" target=\"_blank\">Mon Actu<\/a>.<\/p>\n","protected":false},"excerpt":{"rendered":"Par Hervine Mahaud Publi\u00e9 le 10 sept. 2025 \u00e0 12h00 Bien remis de la Braderie de Lille\u2009? \u00c7a&hellip;\n","protected":false},"author":2,"featured_media":380288,"comment_status":"","ping_status":"","sticky":false,"template":"","format":"standard","meta":{"footnotes":""},"categories":[2815],"tags":[1111,11,6961,1777,674,1011,27,811,1307,1652,12,25,3365],"class_list":{"0":"post-380287","1":"post","2":"type-post","3":"status-publish","4":"format-standard","5":"has-post-thumbnail","7":"category-lille","8":"tag-actu","9":"tag-actualites","10":"tag-brocante","11":"tag-eu","12":"tag-europe","13":"tag-fr","14":"tag-france","15":"tag-hauts-de-france","16":"tag-lille","17":"tag-loisirs-culture","18":"tag-news","19":"tag-republique-francaise","20":"tag-vide-greniers"},"share_on_mastodon":{"url":"https:\/\/pubeurope.com\/@fr\/115180111568625618","error":""},"_links":{"self":[{"href":"https:\/\/www.europesays.com\/fr\/wp-json\/wp\/v2\/posts\/380287","targetHints":{"allow":["GET"]}}],"collection":[{"href":"https:\/\/www.europesays.com\/fr\/wp-json\/wp\/v2\/posts"}],"about":[{"href":"https:\/\/www.europesays.com\/fr\/wp-json\/wp\/v2\/types\/post"}],"author":[{"embeddable":true,"href":"https:\/\/www.europesays.com\/fr\/wp-json\/wp\/v2\/users\/2"}],"replies":[{"embeddable":true,"href":"https:\/\/www.europesays.com\/fr\/wp-json\/wp\/v2\/comments?post=380287"}],"version-history":[{"count":0,"href":"https:\/\/www.europesays.com\/fr\/wp-json\/wp\/v2\/posts\/380287\/revisions"}],"wp:featuredmedia":[{"embeddable":true,"href":"https:\/\/www.europesays.com\/fr\/wp-json\/wp\/v2\/media\/380288"}],"wp:attachment":[{"href":"https:\/\/www.europesays.com\/fr\/wp-json\/wp\/v2\/media?parent=380287"}],"wp:term":[{"taxonomy":"category","embeddable":true,"href":"https:\/\/www.europesays.com\/fr\/wp-json\/wp\/v2\/categories?post=380287"},{"taxonomy":"post_tag","embeddable":true,"href":"https:\/\/www.europesays.com\/fr\/wp-json\/wp\/v2\/tags?post=380287"}],"curies":[{"name":"wp","href":"https:\/\/api.w.org\/{rel}","templated":true}]}}