{"id":380289,"date":"2025-09-10T12:56:13","date_gmt":"2025-09-10T12:56:13","guid":{"rendered":"https:\/\/www.europesays.com\/fr\/380289\/"},"modified":"2025-09-10T12:56:13","modified_gmt":"2025-09-10T12:56:13","slug":"le-verger-un-projet-phare-dinnovation-urbaine-dans-les-quartiers-sud-de-marseille","status":"publish","type":"post","link":"https:\/\/www.europesays.com\/fr\/380289\/","title":{"rendered":"Le Verger : un projet phare d\u2019innovation urbaine dans les quartiers sud de Marseille"},"content":{"rendered":"<p>Laur\u00e9at des Pyramides d\u2019argent 2025, le programme Le Verger, port\u00e9 par Habside, veut incarner \u00ab\u00a0une nouvelle vision de l\u2019habitat durable et de la ville inclusive\u00a0\u00bb. Implant\u00e9 dans la ZAC Vallon R\u00e9gny (Marseille 9e), ce projet ambitieux allie logements, production agricole, commerces et tiers-lieux dans une d\u00e9marche exemplaire d\u2019innovation architecturale et sociale.<\/p>\n<p>Une double r\u00e9compense pour un projet hybride et durable<\/p>\n<p>Le Verger a remport\u00e9 deux distinctions majeures lors de l\u2019\u00e9dition r\u00e9gionale des <strong><a href=\"https:\/\/www.pyramides-argent.com\/\" target=\"_blank\" rel=\"noreferrer noopener nofollow\">Pyramides d\u2019argent 2025<\/a><\/strong> de la F\u00e9d\u00e9ration des Promoteurs Immobiliers de France (FPI) : le Grand Prix r\u00e9gional, parrain\u00e9 par la Caisse d\u2019\u00c9pargne, et la Pyramide de la Qualit\u00e9 globale, parrain\u00e9e par le GIP. Une reconnaissance forte pour ce programme qui conjugue performance environnementale, qualit\u00e9 de vie et dynamisme \u00e9conomique local.<\/p>\n<p>Situ\u00e9 Traverse R\u00e9gny, Le Verger s\u2019\u00e9tend sur un terrain de 3 110 m\u00b2 et d\u00e9veloppe plus de 7\u00a0800 m\u00b2 de surface de plancher. Il comprend 49 logements r\u00e9partis en cinq ensembles, ainsi qu\u2019une halle commerciale (\u00ab La Grange \u00bb), un food court (\u00ab La Fabrique \u00bb), un incubateur FoodTech (\u00ab La Ruche \u00bb), des serres agricoles, des bureaux et des espaces de restauration.<\/p>\n<p><a data-no-instant=\"1\" href=\"https:\/\/my.weezevent.com\/3e-forum-nos-energies-en-questions\" rel=\"noopener nofollow\" class=\"a2t-link\" target=\"_blank\" aria-label=\"Maxi Header 2 1200\u00d7148\"><img loading=\"lazy\" decoding=\"async\" src=\"data:image\/svg+xml,%3Csvg%20xmlns=\" http:=\"\" alt=\"\" data-lazy- data-lazy- width=\"2048\" height=\"253\" style=\"display: inline-block;\" data-lazy-src=\"https:\/\/www.europesays.com\/fr\/wp-content\/uploads\/2025\/08\/maxi-header-2-1200x148-1-scaled.png\"\/><\/a><img decoding=\"async\" src=\"data:image\/svg+xml,%3Csvg%20xmlns=\" http:=\"\" alt=\"Vue d'ensemble du projet Le Verger - Cr\u00e9dits photo : Habsitde - Marciano Architecture\" data-lazy-src=\"https:\/\/www.europesays.com\/fr\/wp-content\/uploads\/2025\/09\/habside_le-verger-_-projet-\u00a9\ufe0fhabside-marciano-architecture-1024x563.jpeg\"\/>Vue d\u2019ensemble du projet Le Verger (Cr\u00e9dit Habside \u2013 Marciano Architecture)Un \u00ab \u00eelot d\u00e9monstrateur \u00bb au service de\u00a0la\u00a0transition urbaine<\/p>\n<p>Pens\u00e9 comme un \u00ab \u00eelot d\u00e9monstrateur \u00bb, Le Verger s\u2019inscrit dans une volont\u00e9 de redynamisation des quartiers sud de Marseille, en accompagnement du d\u00e9veloppement du Boulevard Urbain Sud. Il prend place \u00e0 proximit\u00e9 du quartier du Cabot, en surplomb de la ville avec des vues plongeantes vers les Calanques et Notre-Dame de la Garde.<\/p>\n<p>Fruit d\u2019une collaboration entre le promoteur marseillais Habside, Marciano Architecture et plusieurs bureaux d\u2019\u00e9tudes locaux (ICHD, Energis Engineering\u2026), ce projet, certifi\u00e9e NF Habitat HQE niveau excellent &amp; BEPOS, repose \u00ab sur une architecture m\u00e9diterran\u00e9enne et bioclimatique \u00bb. Cele-ci se traduit par le choix de mat\u00e9riaux locaux, d\u2019une gestion optimis\u00e9e de la lumi\u00e8re naturelle ou encore de dispositifs de ventilation naturelle afin de limiter l\u2019empreinte \u00e9cologique du b\u00e2ti.<\/p>\n<p><img loading=\"lazy\" decoding=\"async\" width=\"1024\" height=\"640\" src=\"data:image\/svg+xml,%3Csvg%20xmlns=\" http:=\"\" alt=\"Logements du projet Le Verger - Cr\u00e9dits photo : Habsitde - Marciano Architecture\" class=\"wp-image-372218\" data-lazy- data-lazy- data-lazy-src=\"https:\/\/gomet.net\/wp-content\/uploads\/2025\/08\/habside_le-verger-_-logements-\u00a9\ufe0fhabside-marciano-architecture-valentin-studio-1024x640.jpeg\"\/>Une architecture qui se veut \u00ab m\u00e9diterran\u00e9enne et bioclimatique \u00bb afin de limiter l\u2019empreinte \u00e9cologique du b\u00e2ti (Cr\u00e9dit Habside \u2013 Marciano Architecture)Une urbanit\u00e9 vivante et inclusive<\/p>\n<p>Au-del\u00e0 de ses performances environnementales, Le Verger met en avant son \u00ab approche sociale et \u00e9conomique int\u00e9gr\u00e9e\u00a0\u00bb. Le programme immobilier favorise ainsi <strong><a href=\"https:\/\/gomet.net\/maires-de-provence-fait-entendre\/\" data-type=\"link\" data-id=\"https:\/\/gomet.net\/maires-de-provence-fait-entendre\/\" target=\"_blank\" rel=\"noreferrer noopener nofollow\">les circuits courts<\/a><\/strong> avec des potagers urbains, une production alimentaire sur place et un soutien \u00e0 l\u2019innovation via son incubateur d\u00e9di\u00e9 \u00e0 la FoodTech. Les espaces communs sont, eux, con\u00e7us pour favoriser les \u00e9changes interg\u00e9n\u00e9rationnels et la convivialit\u00e9 afin de cr\u00e9er un v\u00e9ritable cadre de vie collectif.<\/p>\n<p>Loin du mod\u00e8le de la r\u00e9sidence ferm\u00e9e, Le Verger souhaite s\u2019ouvrir sur son quartier avec une place publique centrale et une accessibilit\u00e9 pi\u00e9tonne pens\u00e9e comme \u00ab\u00a0une continuit\u00e9 urbaine\u00a0\u00bb. Le projet vise ainsi \u00e0 \u00ab mieux produire, mieux consommer, mieux vivre ensemble\u00a0\u00bb, selon la formule port\u00e9e par ses concepteurs. Tout un programme !<\/p>\n<p class=\"has-background\" style=\"background-color:#f2f3f4\">Liens utiles :<\/p>\n<p>&gt;\u00a0<strong><a href=\"https:\/\/gomet.net\/rise-promotion-rehabilitation-patrimoine\/\" target=\"_blank\" rel=\"noreferrer noopener nofollow\">Rise mise sur la r\u00e9habilitation pour redonner vie au centre-ville de Marseille<\/a><\/strong><br \/>&gt; <strong><a href=\"https:\/\/gomet.net\/une-nouvelle-residence-etudiante-developpee-par-redman\/\" target=\"_blank\" rel=\"noreferrer noopener nofollow\">Une nouvelle r\u00e9sidence \u00e9tudiante d\u00e9velopp\u00e9e par Redman en chantier \u00e0 Ch\u00e2teau-Gombert<\/a><\/strong><br \/>&gt;<strong>\u00a0<a href=\"https:\/\/gomet.net\/en-paca-viager-et-la-nue-propriete-seduisent-de-plus-en-plus-de-retraites\/\" target=\"_blank\" rel=\"noreferrer noopener nofollow\">En r\u00e9gion Sud, la forte croissance du march\u00e9 du viager et de la nue-propri\u00e9t\u00e9<\/a><\/strong><br \/>&gt;\u00a0<strong><a href=\"https:\/\/gomet.net\/le-champ-daction-deuromediterranee-etendu-marseille\/\" target=\"_blank\" rel=\"noreferrer noopener nofollow\">Le champ d\u2019action d\u2019Eurom\u00e9diterran\u00e9e \u00e9tendu \u00e0 toute la ville de Marseille<\/a><\/strong><br \/>&gt;\u00a0<a href=\"https:\/\/gomet.net\/la-metropole-etend-le-perimetre-du-permis-de-louer\/\" target=\"_blank\" rel=\"noreferrer noopener nofollow\"><strong>Logement : la M\u00e9tropole \u00e9tend le p\u00e9rim\u00e8tre du permis de louer<\/strong><\/a><\/p>\n<p>&gt; Notre rubrique d\u2019actualit\u00e9s<a href=\"https:\/\/gomet.net\/theme\/metropole-2\/immobilier\/\" target=\"_blank\" rel=\"noreferrer noopener nofollow\"><strong>\u00a0sur l\u2019immobilier et le logement<\/strong><\/a><\/p>\n","protected":false},"excerpt":{"rendered":"Laur\u00e9at des Pyramides d\u2019argent 2025, le programme Le Verger, port\u00e9 par Habside, veut incarner \u00ab\u00a0une nouvelle vision de&hellip;\n","protected":false},"author":2,"featured_media":380290,"comment_status":"","ping_status":"","sticky":false,"template":"","format":"standard","meta":{"footnotes":""},"categories":[2814],"tags":[1111,11,1777,674,1011,27,884,12,882,25],"class_list":{"0":"post-380289","1":"post","2":"type-post","3":"status-publish","4":"format-standard","5":"has-post-thumbnail","7":"category-marseille","8":"tag-actu","9":"tag-actualites","10":"tag-eu","11":"tag-europe","12":"tag-fr","13":"tag-france","14":"tag-marseille","15":"tag-news","16":"tag-provence-alpes-cote-dazur","17":"tag-republique-francaise"},"share_on_mastodon":{"url":"https:\/\/pubeurope.com\/@fr\/115180115361537758","error":""},"_links":{"self":[{"href":"https:\/\/www.europesays.com\/fr\/wp-json\/wp\/v2\/posts\/380289","targetHints":{"allow":["GET"]}}],"collection":[{"href":"https:\/\/www.europesays.com\/fr\/wp-json\/wp\/v2\/posts"}],"about":[{"href":"https:\/\/www.europesays.com\/fr\/wp-json\/wp\/v2\/types\/post"}],"author":[{"embeddable":true,"href":"https:\/\/www.europesays.com\/fr\/wp-json\/wp\/v2\/users\/2"}],"replies":[{"embeddable":true,"href":"https:\/\/www.europesays.com\/fr\/wp-json\/wp\/v2\/comments?post=380289"}],"version-history":[{"count":0,"href":"https:\/\/www.europesays.com\/fr\/wp-json\/wp\/v2\/posts\/380289\/revisions"}],"wp:featuredmedia":[{"embeddable":true,"href":"https:\/\/www.europesays.com\/fr\/wp-json\/wp\/v2\/media\/380290"}],"wp:attachment":[{"href":"https:\/\/www.europesays.com\/fr\/wp-json\/wp\/v2\/media?parent=380289"}],"wp:term":[{"taxonomy":"category","embeddable":true,"href":"https:\/\/www.europesays.com\/fr\/wp-json\/wp\/v2\/categories?post=380289"},{"taxonomy":"post_tag","embeddable":true,"href":"https:\/\/www.europesays.com\/fr\/wp-json\/wp\/v2\/tags?post=380289"}],"curies":[{"name":"wp","href":"https:\/\/api.w.org\/{rel}","templated":true}]}}