{"id":380291,"date":"2025-09-10T12:57:11","date_gmt":"2025-09-10T12:57:11","guid":{"rendered":"https:\/\/www.europesays.com\/fr\/380291\/"},"modified":"2025-09-10T12:57:11","modified_gmt":"2025-09-10T12:57:11","slug":"heurts-et-manifestations-a-paris-lyon-marseille-ou-montpellier-suivez-notre-direct","status":"publish","type":"post","link":"https:\/\/www.europesays.com\/fr\/380291\/","title":{"rendered":"heurts et manifestations \u00e0 Paris, Lyon, Marseille ou Montpellier&#8230; Suivez notre direct"},"content":{"rendered":"<p class=\"mb-4 text-lg md:leading-8 break-words\">Alors qu&rsquo;en d\u00e9but de matin\u00e9e, Caen a \u00e9t\u00e9 l&rsquo;une des villes les plus cibl\u00e9es avec un blocage du p\u00e9riph\u00e9rique et d&rsquo;un viaduc et des images impressionnantes, d&rsquo;autres villes ont pris le relais comme Rennes, Paris o\u00f9 des tensions ont eu lieu entre lyc\u00e9ens et policiers, ou encore Lyon et Marseille.<\/p>\n<p class=\"mb-4 text-lg md:leading-8 break-words\">80 000 policiers et gendarmes sont mobilis\u00e9s, et une consigne de fermet\u00e9 a \u00e9t\u00e9 donn\u00e9e par le ministre de l&rsquo;Int\u00e9rieur d\u00e9missionnaire, Bruno Retailleau. Pr\u00e8s de 300 interpellations ont d\u00e9j\u00e0 \u00e9t\u00e9 effectu\u00e9es.<\/p>\n<p class=\"mb-4 text-lg md:leading-8 break-words\">Plusieurs types d&rsquo;actions sont attendus au fil de la journ\u00e9e. Des actions de blocages de site strat\u00e9giques, comme les p\u00e9riph\u00e9riques de grandes agglom\u00e9rations, mais aussi des raffineries, des entrep\u00f4ts Amazon ou des centre commerciaux.<\/p>\n<p class=\"mb-4 text-lg md:leading-8 break-words\">Des manifestations plus classiques se tiennent \u00e9galement dans certaines villes, ainsi que des rassemblements sur des ronds-points, comme \u00e0 l&rsquo;\u00e9poque des gilets jaunes.<\/p>\n<p>En direct53\u00a0mises \u00e0 jourAfficher plus de mises \u00e0 jour<\/p>\n","protected":false},"excerpt":{"rendered":"Alors qu&rsquo;en d\u00e9but de matin\u00e9e, Caen a \u00e9t\u00e9 l&rsquo;une des villes les plus cibl\u00e9es avec un blocage du&hellip;\n","protected":false},"author":2,"featured_media":380292,"comment_status":"","ping_status":"","sticky":false,"template":"","format":"standard","meta":{"footnotes":""},"categories":[2814],"tags":[1111,11,1013,51340,1777,674,3160,1011,27,5962,884,39901,2208,12,882,25],"class_list":{"0":"post-380291","1":"post","2":"type-post","3":"status-publish","4":"format-standard","5":"has-post-thumbnail","7":"category-marseille","8":"tag-actu","9":"tag-actualites","10":"tag-bruno-retailleau","11":"tag-centre-commerciaux","12":"tag-eu","13":"tag-europe","14":"tag-forces-de-lordre","15":"tag-fr","16":"tag-france","17":"tag-getty-images","18":"tag-marseille","19":"tag-ministre-de-linterieur-2","20":"tag-montpellier","21":"tag-news","22":"tag-provence-alpes-cote-dazur","23":"tag-republique-francaise"},"share_on_mastodon":{"url":"https:\/\/pubeurope.com\/@fr\/115180119369798125","error":""},"_links":{"self":[{"href":"https:\/\/www.europesays.com\/fr\/wp-json\/wp\/v2\/posts\/380291","targetHints":{"allow":["GET"]}}],"collection":[{"href":"https:\/\/www.europesays.com\/fr\/wp-json\/wp\/v2\/posts"}],"about":[{"href":"https:\/\/www.europesays.com\/fr\/wp-json\/wp\/v2\/types\/post"}],"author":[{"embeddable":true,"href":"https:\/\/www.europesays.com\/fr\/wp-json\/wp\/v2\/users\/2"}],"replies":[{"embeddable":true,"href":"https:\/\/www.europesays.com\/fr\/wp-json\/wp\/v2\/comments?post=380291"}],"version-history":[{"count":0,"href":"https:\/\/www.europesays.com\/fr\/wp-json\/wp\/v2\/posts\/380291\/revisions"}],"wp:featuredmedia":[{"embeddable":true,"href":"https:\/\/www.europesays.com\/fr\/wp-json\/wp\/v2\/media\/380292"}],"wp:attachment":[{"href":"https:\/\/www.europesays.com\/fr\/wp-json\/wp\/v2\/media?parent=380291"}],"wp:term":[{"taxonomy":"category","embeddable":true,"href":"https:\/\/www.europesays.com\/fr\/wp-json\/wp\/v2\/categories?post=380291"},{"taxonomy":"post_tag","embeddable":true,"href":"https:\/\/www.europesays.com\/fr\/wp-json\/wp\/v2\/tags?post=380291"}],"curies":[{"name":"wp","href":"https:\/\/api.w.org\/{rel}","templated":true}]}}