{"id":380295,"date":"2025-09-10T12:59:17","date_gmt":"2025-09-10T12:59:17","guid":{"rendered":"https:\/\/www.europesays.com\/fr\/380295\/"},"modified":"2025-09-10T12:59:17","modified_gmt":"2025-09-10T12:59:17","slug":"lyon-confort-zone-une-experience-theatrale-emotionnelle-et-sensorielle","status":"publish","type":"post","link":"https:\/\/www.europesays.com\/fr\/380295\/","title":{"rendered":"Lyon. Confort Zone, une exp\u00e9rience th\u00e9\u00e2trale \u00e9motionnelle et sensorielle"},"content":{"rendered":"<p>Si le mot n\u2019\u00e9tait pas galvaud\u00e9 \u00e0 toutes les sauces, on en resterait \u00e0 immersif. En tout cas, c\u2019est avec un spectacle th\u00e9\u00e2tral particulier, Confort Zone, que Nelly Gabriel, com\u00e9dienne, metteuse en sc\u00e8ne, autrice et directrice de la compagnie Les Ptites Dames, arrive au Th\u00e9\u00e2tre Improvidence ce jeudi 18\u00a0septembre.<\/p>\n<p>La repr\u00e9sentation promet un lot de surprises si important qu\u2019il est difficile de ne pas spoiler. \u00ab\u00a0C\u2019est \u00e0 la crois\u00e9e du th\u00e9\u00e2tre et de l\u2019exp\u00e9rience\ufeff\u00a0\u00bb, nous dit <a href=\"https:\/\/www.leprogres.fr\/sortir\/2015\/09\/07\/marguerite-un-spectacle-sur-mesure-pour-les-maisons-de-retraite\" target=\"_blank\" rel=\"nofollow noopener\">sa conceptrice<\/a>. Le but est bien s\u00fbr \u00ab\u00a0de divertir\u00a0\u00bb en cassant les&#8230;<\/p>\n","protected":false},"excerpt":{"rendered":"Si le mot n\u2019\u00e9tait pas galvaud\u00e9 \u00e0 toutes les sauces, on en resterait \u00e0 immersif. En tout cas,&hellip;\n","protected":false},"author":2,"featured_media":380296,"comment_status":"","ping_status":"","sticky":false,"template":"","format":"standard","meta":{"footnotes":""},"categories":[1889],"tags":[1111,11,2430,1687,2757,1777,674,1011,27,2428,2756,12,25,3140],"class_list":{"0":"post-380295","1":"post","2":"type-post","3":"status-publish","4":"format-standard","5":"has-post-thumbnail","7":"category-lyon","8":"tag-actu","9":"tag-actualites","10":"tag-auvergne-rhone-alpes","11":"tag-culture-loisirs","12":"tag-edition-lyon-villeurbanne","13":"tag-eu","14":"tag-europe","15":"tag-fr","16":"tag-france","17":"tag-lyon","18":"tag-lyon-bassin","19":"tag-news","20":"tag-republique-francaise","21":"tag-spectacle"},"share_on_mastodon":{"url":"https:\/\/pubeurope.com\/@fr\/115180127382633620","error":""},"_links":{"self":[{"href":"https:\/\/www.europesays.com\/fr\/wp-json\/wp\/v2\/posts\/380295","targetHints":{"allow":["GET"]}}],"collection":[{"href":"https:\/\/www.europesays.com\/fr\/wp-json\/wp\/v2\/posts"}],"about":[{"href":"https:\/\/www.europesays.com\/fr\/wp-json\/wp\/v2\/types\/post"}],"author":[{"embeddable":true,"href":"https:\/\/www.europesays.com\/fr\/wp-json\/wp\/v2\/users\/2"}],"replies":[{"embeddable":true,"href":"https:\/\/www.europesays.com\/fr\/wp-json\/wp\/v2\/comments?post=380295"}],"version-history":[{"count":0,"href":"https:\/\/www.europesays.com\/fr\/wp-json\/wp\/v2\/posts\/380295\/revisions"}],"wp:featuredmedia":[{"embeddable":true,"href":"https:\/\/www.europesays.com\/fr\/wp-json\/wp\/v2\/media\/380296"}],"wp:attachment":[{"href":"https:\/\/www.europesays.com\/fr\/wp-json\/wp\/v2\/media?parent=380295"}],"wp:term":[{"taxonomy":"category","embeddable":true,"href":"https:\/\/www.europesays.com\/fr\/wp-json\/wp\/v2\/categories?post=380295"},{"taxonomy":"post_tag","embeddable":true,"href":"https:\/\/www.europesays.com\/fr\/wp-json\/wp\/v2\/tags?post=380295"}],"curies":[{"name":"wp","href":"https:\/\/api.w.org\/{rel}","templated":true}]}}