{"id":380299,"date":"2025-09-10T13:01:12","date_gmt":"2025-09-10T13:01:12","guid":{"rendered":"https:\/\/www.europesays.com\/fr\/380299\/"},"modified":"2025-09-10T13:01:12","modified_gmt":"2025-09-10T13:01:12","slug":"mouvement-du-10-septembre-au-moins-295-interpellations-en-france-183-dans-paris-et-sa-region","status":"publish","type":"post","link":"https:\/\/www.europesays.com\/fr\/380299\/","title":{"rendered":"Mouvement du 10\u00a0septembre\u00a0: au moins 295 interpellations en France, 183 dans Paris et sa r\u00e9gion"},"content":{"rendered":"<p class=\"paragraph text_align_left lp-f-body-02\">Plusieurs actions et plus de 180 interpellations, selon la police, ont eu lieu ce mercredi depuis le d\u00e9but du mouvement ce t\u00f4t ce matin dans l\u2019agglom\u00e9ration parisienne, notamment \u00e0 la suite de blocages ou tentatives de blocage du p\u00e9riph\u00e9rique dans le cadre de la mobilisation <a href=\"https:\/\/www.leparisien.fr\/economie\/ex-gilets-jaunes-syndicalistes-cadres-superieurs-qui-sont-les-sympathisants-du-mouvement-bloquons-tout-06-09-2025-IWRQ7S35GJCCHPT4TWQEKMK3HE.php\" target=\"_blank\" rel=\"noreferrer noopener\">\u00ab Bloquons tout \u00bb<\/a>. En France, ce sont 295 interpellations qui \u00e9taient recens\u00e9es \u00e0 la mi-journ\u00e9e.<\/p>\n<p class=\"paragraph text_align_left lp-f-body-02\">Selon des chiffres transmis au Parisien par la pr\u00e9fecture de police \u00e0 14 h 20, ce mercredi, les forces de l\u2019ordre ont proc\u00e9d\u00e9 \u00e0 183 interpellations dans l\u2019agglom\u00e9ration parisienne.<\/p>\n<p class=\"paragraph text_align_left lp-f-body-02\">Pr\u00e8s de 80 000 forces de l\u2019ordre \u00e9taient mobilis\u00e9es ce mercredi partout en France, dont 6 000 policiers et gendarmes dans la capitale.<\/p>\n<p class=\"paragraph text_align_left lp-f-body-02\">\u00c0 l\u2019aube, une centaine de jeunes militants de la mouvance autonome avait bloqu\u00e9 un d\u00e9p\u00f4t de bus dans le XVIIIe arrondissement de Paris, avant l\u2019intervention des forces de l\u2019ordre. Ils sont ensuite descendus sur le p\u00e9riph\u00e9rique au niveau de la porte de Clignancourt, bloquant la circulation avant de s\u2019en aller. Des actions similaires ont eu lieu tout au long de la matin\u00e9e, principalement au nord de la capitale.<\/p>\n<p class=\"lp-card-podcast-highlighting__title  lp-f-subtitle-05\">[2\/6] Jubillar\u00a0: de la disparition au proc\u00e8s, une affaire sans corps ni aveux<\/p>\n<p class=\"lp-card-podcast-highlighting__description lp-f-ui-05\">Crime story raconte chaque semaine les grandes affaires criminelles.<\/p>\n<p><a class=\"lp-card-podcast-highlighting__call-to-action\" data-page-type=\"HP\" data-block-name=\"podcast-highlight\">\u00c9couter<\/a>Intervention polici\u00e8re muscl\u00e9e sur le p\u00e9riph\u00e9rique<\/p>\n<p class=\"paragraph text_align_left lp-f-body-02\">Porte de la Chapelle, des sc\u00e8nes violentes ont \u00e9t\u00e9 film\u00e9es d\u00e8s 7h30 ce mercredi matin. Sur les images, on peut voir des policiers donner des coups de matraque \u00e0 plusieurs reprises aux manifestants.<\/p>\n<p class=\"paragraph text_align_left lp-f-body-02\">Des lyc\u00e9ens sont aussi entr\u00e9s dans le mouvement : \u00e0 H\u00e9l\u00e8ne Boucher, dans le XXe arrondissement de Paris, des dizaines d\u2019\u00e9l\u00e8ves s\u2019\u00e9taient r\u00e9unies devant l\u2019\u00e9tablissement pour installer un blocus. D\u00e8s 8 heures, les policiers ont \u00e9t\u00e9 pris \u00e0 partie par les lyc\u00e9ens qui leur ont lanc\u00e9 dessus des poubelles et fumig\u00e8nes. Seulement une petite partie des \u00e9l\u00e8ves a pu entrer en classe d\u2019apr\u00e8s les t\u00e9moignages.<\/p>\n<p class=\"paragraph text_align_left lp-f-body-02\">D\u2019autres \u00e9tablissements comme Claude Monnet dans le XIIIe arrondissement ont aussi \u00e9t\u00e9 bloqu\u00e9s par les \u00e9l\u00e8ves gr\u00e2ce \u00e0 des barricades de poubelles, mais pas d\u2019\u00e9chauffour\u00e9e \u00e0 signaler.<\/p>\n<p>Tentative d\u2019intrusion dans la gare du Nord<\/p>\n<p class=\"paragraph text_align_left lp-f-body-02\">Face aux blocages annonc\u00e9s, les Franciliens avaient visiblement pris leur pr\u00e9caution. La circulation \u00e9tait particuli\u00e8rement fluide sur la route. \u00c0 8h40, le service d\u2019information <a href=\"https:\/\/www.sytadin.fr\/sys\/barometre_bouchon.jsp.html\" rel=\"noopener\" target=\"_blank\">Sytadin<\/a> recensait 99 km de bouchons cumul\u00e9s sur l\u2019ensemble du r\u00e9seau routier de la r\u00e9gion, un niveau jug\u00e9 \u00ab faible \u00bb.<\/p>\n<p class=\"paragraph text_align_left lp-f-body-02\">Dans les transports en commun, les quais du m\u00e9tro \u00e9taient presque vides, malgr\u00e9 quelques perturbations en tout d\u00e9but de matin\u00e9e.<\/p>\n<p><img decoding=\"async\" class=\"image \" loading=\"lazy\" src=\"https:\/\/www.europesays.com\/fr\/wp-content\/uploads\/2025\/09\/QLKNLXPEP5GQVEN4UHDJ6NKREY.jpeg\" alt=\"Les tentatives d'intrusion de plusieurs centaines de personnes dans la gare du Nord de Paris ont \u00e9t\u00e9 d\u00e9jou\u00e9es par les forces de l\u2019ordre vers 11 heures. LP\/Beno\u00eet Hasse\" align=\"\" data-rubrique-principale=\"\" data-article-type=\"\" fetchpriority=\"auto\"\/>Les tentatives d&rsquo;intrusion de plusieurs centaines de personnes dans la gare du Nord de Paris ont \u00e9t\u00e9 d\u00e9jou\u00e9es par les forces de l\u2019ordre vers 11 heures. LP\/Beno\u00eet Hasse<\/p>\n<p class=\"paragraph text_align_left lp-f-body-02\">Les choses se sont compliqu\u00e9es <a href=\"https:\/\/www.leparisien.fr\/paris-75\/mouvement-du-10-septembre-rassemblement-et-echauffourees-aux-abords-de-la-gare-du-nord-a-paris-10-09-2025-TIJA4LRA3ZHUNAQ4QGWAZPNRD4.php\" target=\"_blank\" rel=\"noreferrer noopener\">au niveau de la gare du Nord<\/a> (Xe arrondissement) aux alentours de 11 heures. Selon la pr\u00e9fecture de police de Paris, des tentatives d\u2019intrusion dans la gare ont \u00e9t\u00e9 d\u00e9jou\u00e9es par les forces de l\u2019ordre. La police a fait \u00e9vacuer la gare Transilien et les gendarmes mobiles ont essay\u00e9 de bloquer les multiples entr\u00e9es. Les forces de l\u2019ordre ont fait usage de gaz lacrymog\u00e8ne pour disperser les manifestants.<\/p>\n<p>Mobilisations en petite et grande couronne<\/p>\n<p class=\"paragraph text_align_left lp-f-body-02\">En petite couronne parisienne, de nombreuses actions ont \u00e9galement pris court. Devant l\u2019hypermarch\u00e9 Carrefour de la Basilique \u00e0 Saint-Denis (Seine-Saint-Denis), une soixantaine de manifestants ont emp\u00each\u00e9 emp\u00eacher l\u2019ouverture du magasin.<\/p>\n<p class=\"paragraph text_align_left lp-f-body-02\">Dans le Val-d\u2019Oise, des centaines de personnes se sont rassembl\u00e9es devant la pr\u00e9fecture \u00e0 Cergy. En Essonne, place de la mairie d\u2019\u00c9tampes, une cinquantaine de personnes \u00ab principalement du 3e \u00e2ge \u00bb s\u2019\u00e9taient \u00e9galement donn\u00e9 rendez-vous.<\/p>\n<p class=\"paragraph text_align_left lp-f-body-02\">\u00c0 Chelles (Seine-et-Marne), des militants locaux de LFI et de syndicats ont occup\u00e9 plusieurs ronds-points d\u00e8s l\u2019aube. \u00c0 9h45, une quarantaine de manifestants filtraient la circulation aux abords du rond-point de l\u2019avenue Charles-de-Gaulle. \u00ab L\u2019ambiance est bon enfant, d\u00e9crit le d\u00e9put\u00e9 Maxime Laisney (LFI) pr\u00e9sent au milieu des cris joyeux qui s\u2019\u00e9l\u00e8vent \u00e0 chaque fois qu\u2019un conducteur klaxonne. C\u2019est le prix \u00e0 payer pour passer. \u00bb<\/p>\n<p class=\"paragraph text_align_left lp-f-body-02\">Plus t\u00f4t, une tentative de blocage de l\u2019hypermarch\u00e9 Carrefour \u00e0 Pontault-Combault par une quinzaine de personnes non identifi\u00e9es avait \u00e9t\u00e9 d\u00e9jou\u00e9e par la police.<\/p>\n","protected":false},"excerpt":{"rendered":"Plusieurs actions et plus de 180 interpellations, selon la police, ont eu lieu ce mercredi depuis le d\u00e9but&hellip;\n","protected":false},"author":2,"featured_media":380300,"comment_status":"","ping_status":"","sticky":false,"template":"","format":"standard","meta":{"footnotes":""},"categories":[1592],"tags":[1111,11,1777,674,118,1011,27,662,12,626,25,2955],"class_list":{"0":"post-380299","1":"post","2":"type-post","3":"status-publish","4":"format-standard","5":"has-post-thumbnail","7":"category-ile-de-france","8":"tag-actu","9":"tag-actualites","10":"tag-eu","11":"tag-europe","12":"tag-faits-divers","13":"tag-fr","14":"tag-france","15":"tag-ile-de-france","16":"tag-news","17":"tag-paris","18":"tag-republique-francaise","19":"tag-videos"},"share_on_mastodon":{"url":"https:\/\/pubeurope.com\/@fr\/115180135180321650","error":""},"_links":{"self":[{"href":"https:\/\/www.europesays.com\/fr\/wp-json\/wp\/v2\/posts\/380299","targetHints":{"allow":["GET"]}}],"collection":[{"href":"https:\/\/www.europesays.com\/fr\/wp-json\/wp\/v2\/posts"}],"about":[{"href":"https:\/\/www.europesays.com\/fr\/wp-json\/wp\/v2\/types\/post"}],"author":[{"embeddable":true,"href":"https:\/\/www.europesays.com\/fr\/wp-json\/wp\/v2\/users\/2"}],"replies":[{"embeddable":true,"href":"https:\/\/www.europesays.com\/fr\/wp-json\/wp\/v2\/comments?post=380299"}],"version-history":[{"count":0,"href":"https:\/\/www.europesays.com\/fr\/wp-json\/wp\/v2\/posts\/380299\/revisions"}],"wp:featuredmedia":[{"embeddable":true,"href":"https:\/\/www.europesays.com\/fr\/wp-json\/wp\/v2\/media\/380300"}],"wp:attachment":[{"href":"https:\/\/www.europesays.com\/fr\/wp-json\/wp\/v2\/media?parent=380299"}],"wp:term":[{"taxonomy":"category","embeddable":true,"href":"https:\/\/www.europesays.com\/fr\/wp-json\/wp\/v2\/categories?post=380299"},{"taxonomy":"post_tag","embeddable":true,"href":"https:\/\/www.europesays.com\/fr\/wp-json\/wp\/v2\/tags?post=380299"}],"curies":[{"name":"wp","href":"https:\/\/api.w.org\/{rel}","templated":true}]}}