{"id":380301,"date":"2025-09-10T13:02:12","date_gmt":"2025-09-10T13:02:12","guid":{"rendered":"https:\/\/www.europesays.com\/fr\/380301\/"},"modified":"2025-09-10T13:02:12","modified_gmt":"2025-09-10T13:02:12","slug":"retrouvez-les-discours-de-sebastien-lecornu-et-francois-bayrou-lors-de-la-passation-des-pouvoirs-a-matignon","status":"publish","type":"post","link":"https:\/\/www.europesays.com\/fr\/380301\/","title":{"rendered":"Retrouvez les discours de S\u00e9bastien Lecornu et Fran\u00e7ois Bayrou lors de la passation des pouvoirs \u00e0 Matignon"},"content":{"rendered":"<p>   Olivier Faure\u00a0souhaite voir dans le budget un dispositif permettant de \u00ab\u00a0toucher \u00e0 ceux qui ont un patrimoine important et qui sont d\u00e9lest\u00e9s du fardeau fiscal\u00a0\u00bb             <\/p>\n<p class=\"post__live-container--answer-text post__space-node\">Invit\u00e9 sur Franceinfo mercredi matin, le premier secr\u00e9taire du Parti socialiste, Olivier Faure, a mis en garde contre le projet de budget que S\u00e9bastien Lecornu va devoir b\u00e2tir\u00a0: \u00ab\u00a0Moi, je refuse toute forme de budget qui irait chercher \u00e0 pr\u00e9lever ses \u00e9conomies sur les malades, sur les ch\u00f4meurs, sur les travailleurs, sur les jeunes, sur les retrait\u00e9s, comme c\u2019\u00e9tait le cas pr\u00e9c\u00e9demment.\u00a0\u00bb<\/p>\n<p class=\"post__live-container--answer-text post__space-node\">M.\u00a0Faure a expliqu\u00e9 vouloir voir dans le budget non pas un retour \u00e0 l\u2019imp\u00f4t sur la fortune (ISF), mais une mesure permettant de \u00ab\u00a0toucher \u00e0 ceux qui ont un patrimoine important et qui aujourd\u2019hui sont totalement d\u00e9lest\u00e9s de ce fardeau fiscal\u00a0\u00bb. Cela pourrait \u00eatre<a href=\"https:\/\/www.lemonde.fr\/politique\/article\/2025\/06\/12\/la-taxe-sur-les-ultrariches-fetiche-pour-la-gauche-repoussoir-pour-la-droite_6612463_823448.html\" rel=\"nofollow noopener\" target=\"_blank\"> \u00ab\u00a0la taxe Zucman\u00a0\u00bb <\/a>ou un autre dispositif, \u00ab\u00a0si [les membres du gouvernement avaient] la capacit\u00e9 \u00e0 inventer une autre taxe qui aurait les m\u00eames effets\u00a0\u00bb. La taxe Zucman, r\u00e9clam\u00e9e par la gauche, concernerait les fortunes d\u2019au moins 100\u00a0millions d\u2019euros\u00a0: si la somme de leurs autres imp\u00f4ts est inf\u00e9rieure \u00e0 2\u00a0% de leur fortune, ces foyers devraient payer la diff\u00e9rence.<\/p>\n<p class=\"post__live-container--answer-text post__space-node\">Le patron des socialistes a par ailleurs redit fermement que sa formation ne participerait pas au gouvernement\u00a0: \u00ab\u00a0Je ne souhaite pas entretenir la moindre confusion avec le pouvoir actuel, macroniste, associ\u00e9 \u00e0 LR \u2013 c\u2019est-\u00e0-dire \u00e0 Laurent Wauquiez, \u00e0 Bruno Retailleau, qui ne font pas myst\u00e8re de s\u2019\u00e9loigner progressivement de ce qu\u2019\u00e9tait l\u2019espace r\u00e9publicain pour rejoindre l\u2019espace de l\u2019extr\u00eame droite.\u00a0\u00bb<\/p>\n","protected":false},"excerpt":{"rendered":"Olivier Faure\u00a0souhaite voir dans le budget un dispositif permettant de \u00ab\u00a0toucher \u00e0 ceux qui ont un patrimoine important&hellip;\n","protected":false},"author":2,"featured_media":380302,"comment_status":"","ping_status":"","sticky":false,"template":"","format":"standard","meta":{"footnotes":""},"categories":[1888],"tags":[1111,1928,11,1927,1777,674,1011,27,12,1926,626,1925,25],"class_list":{"0":"post-380301","1":"post","2":"type-post","3":"status-publish","4":"format-standard","5":"has-post-thumbnail","7":"category-paris","8":"tag-actu","9":"tag-actu-paris","10":"tag-actualites","11":"tag-actualites-paris","12":"tag-eu","13":"tag-europe","14":"tag-fr","15":"tag-france","16":"tag-news","17":"tag-news-paris","18":"tag-paris","19":"tag-paris-news","20":"tag-republique-francaise"},"share_on_mastodon":{"url":"https:\/\/pubeurope.com\/@fr\/115180138907515802","error":""},"_links":{"self":[{"href":"https:\/\/www.europesays.com\/fr\/wp-json\/wp\/v2\/posts\/380301","targetHints":{"allow":["GET"]}}],"collection":[{"href":"https:\/\/www.europesays.com\/fr\/wp-json\/wp\/v2\/posts"}],"about":[{"href":"https:\/\/www.europesays.com\/fr\/wp-json\/wp\/v2\/types\/post"}],"author":[{"embeddable":true,"href":"https:\/\/www.europesays.com\/fr\/wp-json\/wp\/v2\/users\/2"}],"replies":[{"embeddable":true,"href":"https:\/\/www.europesays.com\/fr\/wp-json\/wp\/v2\/comments?post=380301"}],"version-history":[{"count":0,"href":"https:\/\/www.europesays.com\/fr\/wp-json\/wp\/v2\/posts\/380301\/revisions"}],"wp:featuredmedia":[{"embeddable":true,"href":"https:\/\/www.europesays.com\/fr\/wp-json\/wp\/v2\/media\/380302"}],"wp:attachment":[{"href":"https:\/\/www.europesays.com\/fr\/wp-json\/wp\/v2\/media?parent=380301"}],"wp:term":[{"taxonomy":"category","embeddable":true,"href":"https:\/\/www.europesays.com\/fr\/wp-json\/wp\/v2\/categories?post=380301"},{"taxonomy":"post_tag","embeddable":true,"href":"https:\/\/www.europesays.com\/fr\/wp-json\/wp\/v2\/tags?post=380301"}],"curies":[{"name":"wp","href":"https:\/\/api.w.org\/{rel}","templated":true}]}}