{"id":380303,"date":"2025-09-10T13:03:11","date_gmt":"2025-09-10T13:03:11","guid":{"rendered":"https:\/\/www.europesays.com\/fr\/380303\/"},"modified":"2025-09-10T13:03:11","modified_gmt":"2025-09-10T13:03:11","slug":"bayrou-est-parti-mais-avec-lecornu-cest-de-la-provocation","status":"publish","type":"post","link":"https:\/\/www.europesays.com\/fr\/380303\/","title":{"rendered":"\u201cBayrou est parti mais avec Lecornu, c\u2019est de la provocation\u201d"},"content":{"rendered":"<p class=\"live__post__answer-text antonia-750r mt-8\">\n                        David, 42\u00a0ans, est ergoth\u00e9rapeute dans un h\u00f4pital de Paris. Il est venu \u00e0 Ch\u00e2telet pour essayer de changer la soci\u00e9t\u00e9, mais aussi pour soutenir ses coll\u00e8gues infirmiers, mobilis\u00e9s eux aussi pour leurs patients et contre la hausse continue des frais de sant\u00e9. \u00ab\u00a0Je ne veux pas de cette soci\u00e9t\u00e9, ni pour moi ni pour mes filles.\u00a0\u00bb A l\u2019h\u00f4pital, il rel\u00e8ve que sur onze gr\u00e9vistes, huit sont mobilis\u00e9s toute la journ\u00e9e. Du jamais-vu, \u00ab\u00a0un record\u00a0\u00bb selon lui. De son c\u00f4t\u00e9, Patrick, 70\u00a0ans et retrait\u00e9, se dit \u00ab\u00a0r\u00e9volt\u00e9\u00a0\u00bb contre le nouveau Premier ministre. \u00ab\u00a0Bayrou est parti, mais je pense qu\u2019avec Lecornu, ce sera sensiblement la m\u00eame chose. C\u2019est de la provocation.\u00a0\u00bb Il r\u00e9clame plus de justice sociale et, surtout, il refuse qu\u2019on touche aux retraites ou \u00e0 la sant\u00e9, d\u00e9j\u00e0 \u00ab\u00a0en assez mauvais \u00e9tat\u00a0\u00bb selon lui. Dans cette mobilisation interg\u00e9n\u00e9rationnelle, il se dit solidaire de tout le monde.                    <\/p>\n","protected":false},"excerpt":{"rendered":"David, 42\u00a0ans, est ergoth\u00e9rapeute dans un h\u00f4pital de Paris. Il est venu \u00e0 Ch\u00e2telet pour essayer de changer&hellip;\n","protected":false},"author":2,"featured_media":380304,"comment_status":"","ping_status":"","sticky":false,"template":"","format":"standard","meta":{"footnotes":""},"categories":[1888],"tags":[5481,17,1111,1928,11,1927,11847,47212,814,1777,674,1011,27,6151,12,1926,626,1925,13695,316,25,395,801],"class_list":{"0":"post-380303","1":"post","2":"type-post","3":"status-publish","4":"format-standard","5":"has-post-thumbnail","7":"category-paris","8":"tag-5481","9":"tag-17","10":"tag-actu","11":"tag-actu-paris","12":"tag-actualites","13":"tag-actualites-paris","14":"tag-bayrou","15":"tag-bloquons-tout","16":"tag-direct","17":"tag-eu","18":"tag-europe","19":"tag-fr","20":"tag-france","21":"tag-greve","22":"tag-news","23":"tag-news-paris","24":"tag-paris","25":"tag-paris-news","26":"tag-parti","27":"tag-politique","28":"tag-republique-francaise","29":"tag-septembre","30":"tag-social"},"share_on_mastodon":{"url":"https:\/\/pubeurope.com\/@fr\/115180142957443492","error":""},"_links":{"self":[{"href":"https:\/\/www.europesays.com\/fr\/wp-json\/wp\/v2\/posts\/380303","targetHints":{"allow":["GET"]}}],"collection":[{"href":"https:\/\/www.europesays.com\/fr\/wp-json\/wp\/v2\/posts"}],"about":[{"href":"https:\/\/www.europesays.com\/fr\/wp-json\/wp\/v2\/types\/post"}],"author":[{"embeddable":true,"href":"https:\/\/www.europesays.com\/fr\/wp-json\/wp\/v2\/users\/2"}],"replies":[{"embeddable":true,"href":"https:\/\/www.europesays.com\/fr\/wp-json\/wp\/v2\/comments?post=380303"}],"version-history":[{"count":0,"href":"https:\/\/www.europesays.com\/fr\/wp-json\/wp\/v2\/posts\/380303\/revisions"}],"wp:featuredmedia":[{"embeddable":true,"href":"https:\/\/www.europesays.com\/fr\/wp-json\/wp\/v2\/media\/380304"}],"wp:attachment":[{"href":"https:\/\/www.europesays.com\/fr\/wp-json\/wp\/v2\/media?parent=380303"}],"wp:term":[{"taxonomy":"category","embeddable":true,"href":"https:\/\/www.europesays.com\/fr\/wp-json\/wp\/v2\/categories?post=380303"},{"taxonomy":"post_tag","embeddable":true,"href":"https:\/\/www.europesays.com\/fr\/wp-json\/wp\/v2\/tags?post=380303"}],"curies":[{"name":"wp","href":"https:\/\/api.w.org\/{rel}","templated":true}]}}