{"id":380305,"date":"2025-09-10T13:04:15","date_gmt":"2025-09-10T13:04:15","guid":{"rendered":"https:\/\/www.europesays.com\/fr\/380305\/"},"modified":"2025-09-10T13:04:15","modified_gmt":"2025-09-10T13:04:15","slug":"noisy-le-sec-lancien-president-du-centre-social-condamne-pour-lagression-de-deux-adjoints","status":"publish","type":"post","link":"https:\/\/www.europesays.com\/fr\/380305\/","title":{"rendered":"Noisy-le-Sec\u00a0: l\u2019ancien pr\u00e9sident du centre social condamn\u00e9 pour l\u2019agression de deux adjoints"},"content":{"rendered":"<p class=\"paragraph text_align_left lp-f-body-02\">Comme l\u2019explique le procureur au pr\u00e9venu, s\u2019il avait \u00e9t\u00e9 jug\u00e9 apr\u00e8s la loi de mars 2024 qui renforce la protection <a href=\"https:\/\/www.leparisien.fr\/politique\/en-2022-les-agressions-delus-ont-explose-16-02-2023-PG6MNH5W4RHHLM7SVNQN5G3TBQ.php?ts=1757496888345\" target=\"_self\" rel=\"nofollow noopener\">des \u00e9lus victimes de violences<\/a>, Ibrahim D. , 40 ans, encourait cinq ans de prison au lieu des trois ans dans l\u2019ancienne l\u00e9gislation. Cet homme au casier judiciaire vierge, ancien conseiller municipal dans l\u2019\u00e9quipe de Laurent Rivoire, l\u2019ancien maire UDI de Noisy-le-Sec (2010-2020), a \u00e9t\u00e9 condamn\u00e9 ce mardi \u00e0 cinq mois de prison avec sursis et \u00e0 de fortes indemnit\u00e9s.<\/p>\n<p class=\"paragraph text_align_left lp-f-body-02\">Cet ancien pr\u00e9sident du centre social du Londeau, \u00e9tait jug\u00e9 au tribunal correctionnel de Bobigny (Seine-Saint-Denis) pour des violences volontaires sur deux adjoints au maire actuel de Noisy-le-Sec.<\/p>\n","protected":false},"excerpt":{"rendered":"Comme l\u2019explique le procureur au pr\u00e9venu, s\u2019il avait \u00e9t\u00e9 jug\u00e9 apr\u00e8s la loi de mars 2024 qui renforce&hellip;\n","protected":false},"author":2,"featured_media":380306,"comment_status":"","ping_status":"","sticky":false,"template":"","format":"standard","meta":{"footnotes":""},"categories":[1888],"tags":[11,1777,674,118,1011,27,1944,12,626,25,1945],"class_list":{"0":"post-380305","1":"post","2":"type-post","3":"status-publish","4":"format-standard","5":"has-post-thumbnail","7":"category-paris","8":"tag-actualites","9":"tag-eu","10":"tag-europe","11":"tag-faits-divers","12":"tag-fr","13":"tag-france","14":"tag-ma-ville","15":"tag-news","16":"tag-paris","17":"tag-republique-francaise","18":"tag-seine-saint-denis"},"share_on_mastodon":{"url":"https:\/\/pubeurope.com\/@fr\/115180147001059371","error":""},"_links":{"self":[{"href":"https:\/\/www.europesays.com\/fr\/wp-json\/wp\/v2\/posts\/380305","targetHints":{"allow":["GET"]}}],"collection":[{"href":"https:\/\/www.europesays.com\/fr\/wp-json\/wp\/v2\/posts"}],"about":[{"href":"https:\/\/www.europesays.com\/fr\/wp-json\/wp\/v2\/types\/post"}],"author":[{"embeddable":true,"href":"https:\/\/www.europesays.com\/fr\/wp-json\/wp\/v2\/users\/2"}],"replies":[{"embeddable":true,"href":"https:\/\/www.europesays.com\/fr\/wp-json\/wp\/v2\/comments?post=380305"}],"version-history":[{"count":0,"href":"https:\/\/www.europesays.com\/fr\/wp-json\/wp\/v2\/posts\/380305\/revisions"}],"wp:featuredmedia":[{"embeddable":true,"href":"https:\/\/www.europesays.com\/fr\/wp-json\/wp\/v2\/media\/380306"}],"wp:attachment":[{"href":"https:\/\/www.europesays.com\/fr\/wp-json\/wp\/v2\/media?parent=380305"}],"wp:term":[{"taxonomy":"category","embeddable":true,"href":"https:\/\/www.europesays.com\/fr\/wp-json\/wp\/v2\/categories?post=380305"},{"taxonomy":"post_tag","embeddable":true,"href":"https:\/\/www.europesays.com\/fr\/wp-json\/wp\/v2\/tags?post=380305"}],"curies":[{"name":"wp","href":"https:\/\/api.w.org\/{rel}","templated":true}]}}