{"id":380309,"date":"2025-09-10T13:06:11","date_gmt":"2025-09-10T13:06:11","guid":{"rendered":"https:\/\/www.europesays.com\/fr\/380309\/"},"modified":"2025-09-10T13:06:11","modified_gmt":"2025-09-10T13:06:11","slug":"guerre-en-ukraine-un-haut-dirigeant-russe-retrouve-decapite-sous-un-pont-avec-une-corde-de-remorquage-accrochee-a-son-corps","status":"publish","type":"post","link":"https:\/\/www.europesays.com\/fr\/380309\/","title":{"rendered":"Guerre en Ukraine\u00a0: un haut dirigeant russe retrouv\u00e9 d\u00e9capit\u00e9 sous un pont avec une corde de remorquage accroch\u00e9e \u00e0 son corps"},"content":{"rendered":"<p class=\"paragraph text_align_left lp-f-body-02\">Une nouvelle mort myst\u00e9rieuse de dirigeant russe. Alexey Sinitsyn, PDG de K-Potash Service, une entreprise sp\u00e9cialis\u00e9e dans l\u2019extraction de potasse et de sels de magn\u00e9sium, a \u00e9t\u00e9 retrouv\u00e9 <a href=\"https:\/\/www.leparisien.fr\/international\/qui-est-le-general-de-larmee-russe-iaroslav-moskalik-tue-dans-lexplosion-dune-voiture-pres-de-moscou-25-04-2025-SASK6ZBHMBAKVI27D7NP36E27M.php\" target=\"_blank\" rel=\"noreferrer nofollow noopener\">mort<\/a> pr\u00e8s de Kaliningrad (Russie), rapporte le <a href=\"https:\/\/www.themoscowtimes.com\/2025\/09\/09\/ceo-of-russian-fertilizer-firm-found-decapitated-near-kaliningrad-a90467\" target=\"_blank\" rel=\"noreferrer nofollow noopener\">Moscow Times<\/a>.<\/p>\n<p class=\"paragraph text_align_left lp-f-body-02\">Les enqu\u00eateurs ont indiqu\u00e9 \u00e0 l\u2019agence de presse russe <a href=\"https:\/\/tass.ru\/proisshestviya\/24996053\" target=\"_blank\" rel=\"noreferrer nofollow noopener\">Tass<\/a> que le corps d\u2019Alexey Sinitsyn avait \u00e9t\u00e9 retrouv\u00e9 <a href=\"https:\/\/www.leparisien.fr\/faits-divers\/un-homme-juge-pour-avoir-tue-et-quasiment-decapite-un-collegien-a-coups-de-sabre-au-royaume-uni-04-06-2025-IJLAA47ILNGK3D7YS2MB3ABCPI.php\" target=\"_blank\" rel=\"noreferrer nofollow noopener\">d\u00e9capit\u00e9<\/a> et attach\u00e9 \u00e0 un c\u00e2ble de remorquage sous un pont, \u00ab dans la zone du village de Solnechnoye dans le district de Gurevsky \u00bb.<\/p>\n<p class=\"paragraph text_align_left lp-f-body-02\">L\u2019homme de 43 ans pourrait s\u2019\u00eatre suicid\u00e9, selon une source polici\u00e8re cit\u00e9e par <a href=\"https:\/\/www.vedomosti.ru\/society\/news\/2025\/09\/08\/1137608-pod-kaliningradom\" target=\"_blank\" rel=\"noreferrer nofollow noopener\">Vedomosti<\/a>, mais les enqu\u00eateurs ont pr\u00e9cis\u00e9 qu\u2019ils cherchaient encore \u00e0 \u00e9tablir les circonstances de sa mort. Des traces de traumatisme auraient \u00e9t\u00e9 observ\u00e9es sur le corps de la victime, selon le journal \u00e9conomique.<\/p>\n<p>Une entreprise en \u00ab grave difficult\u00e9 financi\u00e8re \u00bb<\/p>\n<p class=\"paragraph text_align_left lp-f-body-02\">K-Potash Service travaille sur un projet de construction d\u2019une mine d\u2019extraction de sel de potasse et de magn\u00e9sium et d\u2019une usine de traitement depuis 2014. Selon une d\u00e9cision rendue en octobre 2022 par le tribunal d\u2019arbitrage r\u00e9gional de Kaliningrad, l\u2019entreprise \u00e9tait en \u00ab grave difficult\u00e9 financi\u00e8re \u00bb.<\/p>\n<p class=\"paragraph text_align_left lp-f-body-02\">Depuis 2022, au moins 19 hauts dirigeants et hommes d\u2019affaires russes, dont beaucoup \u00e9taient li\u00e9s aux g\u00e9ants du p\u00e9trole et du gaz, sont <a href=\"https:\/\/www.leparisien.fr\/international\/suicides-ou-mises-en-scene-quand-la-mysterieuse-mort-doligarques-russes-seme-le-trouble-30-04-2022-CMI72TZ4H5DD7NO5UI7F7TEQTI.php\" target=\"_blank\" rel=\"noreferrer nofollow noopener\">d\u00e9c\u00e9d\u00e9s dans des circonstances suspectes<\/a> en Russie et \u00e0 l\u2019\u00e9tranger. D\u00e9but juillet, \u00e0 peine d\u00e9mis de ses fonctions par Vladimir Poutine, le ministre russe des Transports <a href=\"https:\/\/www.leparisien.fr\/international\/guerre-en-ukraine-corruption-poutine-suicide-mystere-autour-de-la-mort-de-roman-starovoit-le-ministre-des-transports-russe-08-07-2025-U5H7EZRQHJDEBPDBKD5KHFG6MI.php\" target=\"_blank\" rel=\"noreferrer nofollow noopener\">Roman Starovo\u00eft avait \u00e9t\u00e9 retrouv\u00e9 mort<\/a> d\u2019une balle dans la t\u00eate dans la foul\u00e9e.<\/p>\n","protected":false},"excerpt":{"rendered":"Une nouvelle mort myst\u00e9rieuse de dirigeant russe. Alexey Sinitsyn, PDG de K-Potash Service, une entreprise sp\u00e9cialis\u00e9e dans l\u2019extraction&hellip;\n","protected":false},"author":2,"featured_media":380310,"comment_status":"","ping_status":"","sticky":false,"template":"","format":"standard","meta":{"footnotes":""},"categories":[1591],"tags":[11,1887,14,12,1885,1886,132,220],"class_list":{"0":"post-380309","1":"post","2":"type-post","3":"status-publish","4":"format-standard","5":"has-post-thumbnail","7":"category-russie","8":"tag-actualites","9":"tag-federation-de-russie","10":"tag-international","11":"tag-news","12":"tag-russia","13":"tag-russian-federation","14":"tag-russie","15":"tag-ukraine"},"share_on_mastodon":{"url":"https:\/\/pubeurope.com\/@fr\/115180155623756092","error":""},"_links":{"self":[{"href":"https:\/\/www.europesays.com\/fr\/wp-json\/wp\/v2\/posts\/380309","targetHints":{"allow":["GET"]}}],"collection":[{"href":"https:\/\/www.europesays.com\/fr\/wp-json\/wp\/v2\/posts"}],"about":[{"href":"https:\/\/www.europesays.com\/fr\/wp-json\/wp\/v2\/types\/post"}],"author":[{"embeddable":true,"href":"https:\/\/www.europesays.com\/fr\/wp-json\/wp\/v2\/users\/2"}],"replies":[{"embeddable":true,"href":"https:\/\/www.europesays.com\/fr\/wp-json\/wp\/v2\/comments?post=380309"}],"version-history":[{"count":0,"href":"https:\/\/www.europesays.com\/fr\/wp-json\/wp\/v2\/posts\/380309\/revisions"}],"wp:featuredmedia":[{"embeddable":true,"href":"https:\/\/www.europesays.com\/fr\/wp-json\/wp\/v2\/media\/380310"}],"wp:attachment":[{"href":"https:\/\/www.europesays.com\/fr\/wp-json\/wp\/v2\/media?parent=380309"}],"wp:term":[{"taxonomy":"category","embeddable":true,"href":"https:\/\/www.europesays.com\/fr\/wp-json\/wp\/v2\/categories?post=380309"},{"taxonomy":"post_tag","embeddable":true,"href":"https:\/\/www.europesays.com\/fr\/wp-json\/wp\/v2\/tags?post=380309"}],"curies":[{"name":"wp","href":"https:\/\/api.w.org\/{rel}","templated":true}]}}