{"id":380311,"date":"2025-09-10T13:07:16","date_gmt":"2025-09-10T13:07:16","guid":{"rendered":"https:\/\/www.europesays.com\/fr\/380311\/"},"modified":"2025-09-10T13:07:16","modified_gmt":"2025-09-10T13:07:16","slug":"verif-guerre-en-ukraine-non-larmee-francaise-na-pas-desobei-a-emmanuel-macron","status":"publish","type":"post","link":"https:\/\/www.europesays.com\/fr\/380311\/","title":{"rendered":"V\u00c9RIF&rsquo;- Guerre en Ukraine : non, l&rsquo;arm\u00e9e fran\u00e7aise n&rsquo;a pas d\u00e9sob\u00e9i \u00e0 Emmanuel Macron"},"content":{"rendered":"<ul class=\"jsx-862013697 ArticleChapo__List\">\n<li class=\"jsx-862013697 ArticleChapo__List_Item flex\">Des publications sur les r\u00e9seaux sociaux affirment que des soldats fran\u00e7ais auraient refus\u00e9 d&rsquo;ex\u00e9cuter un ordre d&rsquo;Emmanuel Macron.<\/li>\n<li class=\"jsx-862013697 ArticleChapo__List_Item flex\">Ils seraient oppos\u00e9s au d\u00e9ploiement de troupes fran\u00e7aises en Ukraine.<\/li>\n<li class=\"jsx-862013697 ArticleChapo__List_Item flex\">Les V\u00e9rificateurs se penchent sur cette intox.<\/li>\n<\/ul>\n<p><a href=\"https:\/\/www.tf1info.fr\/actualite\/les-verificateurs-12325\/\" rel=\"noopener\" class=\"jsx-484472199 Link jsx-1428418400 jsx-1910851033\" target=\"_blank\"><\/p>\n<p style=\"font-weight:400\" class=\"jsx-1837267516\">Suivez la couverture compl\u00e8te<\/p>\n<p style=\"font-weight:800\" class=\"jsx-1837267516\">L&rsquo;info pass\u00e9e au crible des V\u00e9rificateurs<\/p>\n<p><\/a><\/p>\n<p data-module=\"article-paragraph\" class=\"jsx-3046738180 Paragraph\">Des diff\u00e9rences irr\u00e9conciliables entre l&rsquo;\u00c9lys\u00e9e et l&rsquo;\u00e9tat-major des arm\u00e9es ? <a href=\"https:\/\/www.tf1info.fr\/international\/guerre-en-ukraine-26-pays-se-sont-engages-a-deployer-des-forces-en-cas-de-cessez-le-feu-annonce-emmanuel-macron-2392727.html\" target=\"_blank\" rel=\"noopener\">26 pays, dont la France<\/a>, se sont engag\u00e9s, le 4 septembre, \u00e0 Paris, \u00e0 <a href=\"https:\/\/www.tf1info.fr\/international\/video-garanties-de-securite-en-ukraine-quel-est-le-plan-militaire-de-l-europe-2392819.html\" target=\"_blank\" rel=\"noopener\">soutenir militairement l&rsquo;Ukraine<\/a> au sol, en mer ou dans les airs dans le cadre d&rsquo;un potentiel futur cessez-le-feu. Vladimir Poutine <a href=\"https:\/\/www.tf1info.fr\/international\/guerre-en-ukraine-les-forces-occidentales-seraient-des-cibles-legitimes-previent-vladimir-poutine-2392915.html\" target=\"_blank\" rel=\"noopener\">a menac\u00e9 les alli\u00e9s de Kiev<\/a> de cibler leurs forces si elles venaient \u00e0 \u00eatre d\u00e9ploy\u00e9es sur le sol ukrainien. Mais selon plusieurs publications virales sur les r\u00e9seaux sociaux, l&rsquo;arm\u00e9e fran\u00e7aise aurait d\u00e9sob\u00e9i \u00e0 Emmanuel Macron en refusant d&rsquo;\u00eatre d\u00e9ploy\u00e9e en Ukraine.<\/p>\n<p data-module=\"article-paragraph\" class=\"jsx-3046738180 Paragraph Paragraph__End\">Dans cette publication vue plus de 110.000 fois <a href=\"https:\/\/archive.ph\/AyZct\" target=\"_blank\" rel=\"nofollow noopener\">sur X (nouvelle fen\u00eatre)<\/a>, on apprend que le chef d&rsquo;\u00e9tat-major de l&rsquo;arm\u00e9e de Terre, le g\u00e9n\u00e9ral Pierre Schill, aurait d\u00e9clar\u00e9 que \u00ab\u00a0les soldats fran\u00e7ais n&rsquo;iront pas en Ukraine\u00a0\u00bb. Et dans une vid\u00e9o vue plus de 1,7 million de fois <a href=\"https:\/\/archive.ph\/hM4ZZ \" target=\"_blank\" rel=\"nofollow noopener\">sur TikTok (nouvelle fen\u00eatre)<\/a>, qui reprend les codes d&rsquo;un reportage, on apprend m\u00eame que \u00ab\u00a0l&rsquo;arm\u00e9e fran\u00e7aise vient de refuser un ordre direct d&rsquo;Emmanuel Macron, en cette fin de matin\u00e9e, celui d&rsquo;envoyer les soldats fran\u00e7ais combattre aux c\u00f4t\u00e9s de l&rsquo;Ukraine contre la Russie\u00a0\u00bb. Il s&rsquo;agirait d&rsquo;une \u00ab\u00a0d\u00e9cision in\u00e9dite dans l&rsquo;histoire r\u00e9cente\u00a0\u00bb, qui traduirait \u00ab\u00a0la fracture grandissante entre le pouvoir politique et l&rsquo;institution militaire\u00a0\u00bb. Volodymyr Zelensky serait \u00ab\u00a0choqu\u00e9\u00a0\u00bb tandis que Vladimir Poutine serait ravi. \u00ab\u00a0Le refus interpr\u00e9t\u00e9 comme un acte de r\u00e9sistance\u00a0\u00bb, ajoute le commentaire. Les V\u00e9rificateurs se sont pench\u00e9s sur ces affirmations.\u00a0<\/p>\n<p><img decoding=\"async\" src=\"https:\/\/www.europesays.com\/fr\/wp-content\/uploads\/2025\/09\/fausse-decla-schill-fd712d-0@1x.jpeg\" alt=\"Capture d'\u00e9cran X \/ Les V\u00e9rificateurs\" loading=\"lazy\" importance=\"low\" fetchpriority=\"low\" class=\"\" data-module=\"article-image\"\/>Capture d&rsquo;\u00e9cran X \/ Les V\u00e9rificateurs<\/p>\n<p data-module=\"article-paragraph\" class=\"jsx-3046738180 Paragraph\">L&rsquo;homme qui appara\u00eet dans la publication est bien le g\u00e9n\u00e9ral <a href=\"https:\/\/www.defense.gouv.fr\/terre\/chef-detat-major-larmee-terre\/biographie-du-chef-detat-major-larmee-terre\" target=\"_blank\" rel=\"noopener\">Pierre Schill, chef d&rsquo;\u00e9tat-major de l&rsquo;arm\u00e9e de Terre (nouvelle fen\u00eatre)<\/a>, en poste depuis le 22 juillet 2021. L&rsquo;internaute \u00e0 l&rsquo;origine de la publication partage \u00e9galement un lien vers <a href=\"https:\/\/archive.ph\/MRTHe\" target=\"_blank\" rel=\"nofollow noopener\">une vid\u00e9o (nouvelle fen\u00eatre)<\/a> sur YouTube qui pr\u00e9tend donner cette information en se basant sur \u00ab\u00a0des sources militaires anonymes relay\u00e9es par des chaines d&rsquo;information alternatives\u00a0\u00bb, et partage des images avec les logos de plusieurs m\u00e9dias dont France 24, L&rsquo;Obs, The Wall Street Journal, Le Monde, l&rsquo;AFP&#8230; Mais le contenu n&rsquo;a aucun lien avec ces m\u00e9dias, qui n&rsquo;ont jamais diffus\u00e9 une telle information.<\/p>\n<p data-module=\"article-paragraph\" class=\"jsx-3046738180 Paragraph Paragraph__End\">La citation associ\u00e9e au portrait de Pierre Schill n&rsquo;est pas sourc\u00e9e, et il n&rsquo;y a aucune preuve qu&rsquo;il a tenu ces propos. Nous ne la retrouvons dans aucun m\u00e9dia, aucune des <a href=\"https:\/\/www.defense.gouv.fr\/terre\/chef-detat-major-larmee-terre\/documents-officiels-du-chef-detat-major-larmee-terre\/interventions-du-chef-0\" target=\"_blank\" rel=\"noopener\">interviews donn\u00e9es par le g\u00e9n\u00e9ral Pierre Schill (nouvelle fen\u00eatre)<\/a>, ni sur ses <a href=\"https:\/\/x.com\/CEMAT_FR\" target=\"_blank\">r\u00e9seaux sociaux (nouvelle fen\u00eatre)<\/a> ou le site du <a href=\"https:\/\/www.defense.gouv.fr\/\" target=\"_blank\" rel=\"noopener\">minist\u00e8re des Arm\u00e9es (nouvelle fen\u00eatre)<\/a>. Les seules r\u00e9f\u00e9rences \u00e0 cette phrase proviennent de la sph\u00e8re complotiste, avec le partage de cette suppos\u00e9e citation du g\u00e9n\u00e9ral par <a href=\"https:\/\/archive.ph\/HSIox\" target=\"_blank\" rel=\"nofollow noopener\">des comptes identifi\u00e9s (nouvelle fen\u00eatre)<\/a> comme des <a href=\"https:\/\/archive.ph\/OpD3X\" target=\"_blank\" rel=\"nofollow noopener\">relais de la d\u00e9sinformation (nouvelle fen\u00eatre)<\/a>. Contact\u00e9 par les V\u00e9rificateurs, le minist\u00e8re des Arm\u00e9es affirme que \u00ab\u00a0la rumeur avanc\u00e9e dans les publications\u00a0\u00bb est \u00ab\u00a0fausse\u00a0\u00bb. La propagation de ce type d&rsquo;intox aurait pour but \u00ab\u00a0de g\u00e9n\u00e9rer de l\u2019incertitude pour cr\u00e9er dans le champ des perceptions un doute plausible sur le bon fonctionnement\u00a0\u00bb des institutions fran\u00e7aises, et serait \u00ab\u00a0l\u2019un des objectifs de la guerre hybride men\u00e9e contre la France par nos adversaires et comp\u00e9titeurs, dans l\u2019objectif de g\u00e9n\u00e9rer des vues et des r\u00e9actions, ce qui est favoris\u00e9 par les algorithmes\u00a0\u00bb, selon le minist\u00e8re. Dans une publication <a href=\"https:\/\/archive.ph\/9qdZX\" target=\"_blank\" rel=\"nofollow noopener\">sur le compte X (nouvelle fen\u00eatre)<\/a> du Minist\u00e8re des Arm\u00e9es, dat\u00e9e du 10 septembre, les autorit\u00e9s pr\u00e9cisent qu&rsquo;il s&rsquo;agit d&rsquo;une \u00ab\u00a0campagne de d\u00e9sinformation\u00a0\u00bb propag\u00e9e \u00ab\u00a0au moment m\u00eame o\u00f9 se tenait la r\u00e9union de la Coalition des volontaires\u00a0\u00bb afin d'\u00a0\u00bbaffaiblir l&rsquo;action politique\u00a0\u00bb de la France.\u00a0<\/p>\n<p><img decoding=\"async\" src=\"https:\/\/www.europesays.com\/fr\/wp-content\/uploads\/2025\/09\/faux-tiktok-995d58-0@1x.jpeg\" alt=\"Capture d'\u00e9cran TikTok \/ Les V\u00e9rificateurs\" loading=\"lazy\" importance=\"low\" fetchpriority=\"low\" class=\"\" data-module=\"article-image\"\/>Capture d&rsquo;\u00e9cran TikTok \/ Les V\u00e9rificateurs<\/p>\n<p data-module=\"article-paragraph\" class=\"jsx-3046738180 Paragraph\">Une autre publication, virale sur TikTok s&rsquo;ouvre sur le visage d&rsquo;une vraie pr\u00e9sentatrice de la cha\u00eene de t\u00e9l\u00e9vision France 24, Sandrine Gomes. Mais en y regardant de plus pr\u00e8s, on remarque que ce qui est dit dans la voix off ne correspond pas au mouvement de ses l\u00e8vres. Le montage inclut ensuite une succession d&rsquo;images et de vid\u00e9os, dont une avec le logo TF1 et LCI. Mais cette information n&rsquo;a pas \u00e9t\u00e9 trait\u00e9e ni sur France 24 ni sur TF1, ni sur LCI, car elle est fausse : il s&rsquo;agit donc d&rsquo;un faux reportage, comme tous ceux publi\u00e9s sur la page \u00e0 l&rsquo;origine de ce clip.<\/p>\n<p data-module=\"article-paragraph\" class=\"jsx-3046738180 Paragraph Paragraph__End\">Ces contenus sensationnalistes sont partag\u00e9s par des comptes identifi\u00e9s sur TikTok, qui diffusent r\u00e9guli\u00e8rement de fausses informations pour faire r\u00e9agir les internautes. On y retrouve des publications qui ont toutes le m\u00eame format : titre alarmiste, formules incitant le lecteur \u00e0 cliquer. Une m\u00eame voix off, g\u00e9n\u00e9r\u00e9e par l&rsquo;intelligence artificielle, est reconnaissable dans tous les contenus. Tous ces indices sont typiques des vid\u00e9os g\u00e9n\u00e9r\u00e9es avec l&rsquo;IA, puis partag\u00e9es sur les r\u00e9seaux pour cr\u00e9er le buzz ou g\u00e9n\u00e9rer de l&rsquo;argent.\u00a0On observe une recrudescence de ce type de faux m\u00e9dias sur les r\u00e9seaux sociaux, <a href=\"https:\/\/www.tf1info.fr\/culture\/video-verif-infos-trompeuses-sur-les-camping-cars-ou-les-impots-ces-faux-medias-sont-entierement-geres-par-des-ia-2378235.html\" target=\"_blank\" rel=\"noopener\">comme l&rsquo;expliquaient d\u00e9j\u00e0 les V\u00e9rificateurs en juin (nouvelle fen\u00eatre)<\/a>.<\/p>\n<p><a href=\"https:\/\/www.tf1info.fr\/high-tech\/intelligence-artificielle-ia-des-videos-copient-les-codes-des-medias-pour-desinformer-comment-les-reperer-2381651.html\" rel=\"noopener\" class=\"jsx-3308031228 Link flex\" target=\"_blank\"><img decoding=\"async\" src=\"https:\/\/www.europesays.com\/fr\/wp-content\/uploads\/2025\/09\/verif-faux-journalistes-ia-1-a8e201-0@1x.jpeg\" alt=\"Ces vid\u00e9os de journalistes r\u00e9alisant des interviews ont \u00e9t\u00e9 g\u00e9n\u00e9r\u00e9es par IA.\" loading=\"lazy\" importance=\"low\" fetchpriority=\"low\" class=\"\" aria-hidden=\"true\"\/><\/p>\n<p class=\"jsx-3657663356 ReadMoreArticle__Title\">Lire aussi<\/p>\n<p class=\"jsx-3657663356\">Intelligence artificielle : des vid\u00e9os copient les codes des m\u00e9dias pour d\u00e9sinformer, comment les rep\u00e9rer\u202f?<\/p>\n<p><\/a><\/p>\n<p data-module=\"article-paragraph\" class=\"jsx-3046738180 Paragraph Paragraph__End\">Apr\u00e8s <a href=\"https:\/\/www.tf1info.fr\/international\/guerre-en-ukraine-26-pays-se-sont-engages-a-deployer-des-forces-en-cas-de-cessez-le-feu-annonce-emmanuel-macron-2392727.html\" target=\"_blank\" rel=\"noopener\">la r\u00e9union de la \u00ab\u00a0Coalition des volontaires\u00a0\u00bb<\/a>, le jeudi 4 septembre \u00e0 Paris, 26 pays ont donn\u00e9 leur aval pour participer \u00e0 une force de r\u00e9assurance, en \u00e9tant \u00ab\u00a0pr\u00e9sents sur le sol, en mer ou dans les airs\u00a0\u00bb en Ukraine, seulement en cas de cessez-le-feu. L&rsquo;arm\u00e9e fran\u00e7aise n&rsquo;a donc pas d\u00e9sob\u00e9i \u00e0 Emmanuel Macron en refusant d&rsquo;\u00eatre d\u00e9ploy\u00e9e en Ukraine, puisque cet ordre n&rsquo;a tout simplement pas \u00e9t\u00e9 donn\u00e9.\u00a0<\/p>\n<p data-module=\"article-paragraph\" class=\"jsx-3046738180 Paragraph Paragraph__End\"><strong>Vous souhaitez nous poser des questions ou nous soumettre une information qui ne vous para\u00eet pas fiable ? N&rsquo;h\u00e9sitez pas \u00e0 nous \u00e9crire \u00e0 l&rsquo;adresse lesverificateurs@tf1.fr. Retrouvez-nous \u00e9galement sur X : notre \u00e9quipe y est pr\u00e9sente derri\u00e8re le compte @verif_TF1LCI.<\/strong><\/p>\n<p>Astrig AGOPIAN<\/p>\n","protected":false},"excerpt":{"rendered":"Des publications sur les r\u00e9seaux sociaux affirment que des soldats fran\u00e7ais auraient refus\u00e9 d&rsquo;ex\u00e9cuter un ordre d&rsquo;Emmanuel Macron.&hellip;\n","protected":false},"author":2,"featured_media":380312,"comment_status":"","ping_status":"","sticky":false,"template":"","format":"standard","meta":{"footnotes":""},"categories":[1590],"tags":[1111,11,1921,5925,1073,1777,674,5582,27,1922,7541,12,8200,2543,220,133,4530,135,134],"class_list":{"0":"post-380311","1":"post","2":"type-post","3":"status-publish","4":"format-standard","5":"has-post-thumbnail","7":"category-ukraine","8":"tag-actu","9":"tag-actualites","10":"tag-article-video","11":"tag-conflits-et-guerre","12":"tag-emmanuel-macron","13":"tag-eu","14":"tag-europe","15":"tag-forces-de-lordre-armee-pompiers","16":"tag-france","17":"tag-info","18":"tag-linfo-passee-au-crible-des-verificateurs","19":"tag-news","20":"tag-politique-et-crise-dun-pays-etranger","21":"tag-relations-internationales","22":"tag-ukraine","23":"tag-video","24":"tag-video-politique","25":"tag-vladimir-poutine","26":"tag-volodymyr-zelensky"},"share_on_mastodon":{"url":"https:\/\/pubeurope.com\/@fr\/115180158910664346","error":""},"_links":{"self":[{"href":"https:\/\/www.europesays.com\/fr\/wp-json\/wp\/v2\/posts\/380311","targetHints":{"allow":["GET"]}}],"collection":[{"href":"https:\/\/www.europesays.com\/fr\/wp-json\/wp\/v2\/posts"}],"about":[{"href":"https:\/\/www.europesays.com\/fr\/wp-json\/wp\/v2\/types\/post"}],"author":[{"embeddable":true,"href":"https:\/\/www.europesays.com\/fr\/wp-json\/wp\/v2\/users\/2"}],"replies":[{"embeddable":true,"href":"https:\/\/www.europesays.com\/fr\/wp-json\/wp\/v2\/comments?post=380311"}],"version-history":[{"count":0,"href":"https:\/\/www.europesays.com\/fr\/wp-json\/wp\/v2\/posts\/380311\/revisions"}],"wp:featuredmedia":[{"embeddable":true,"href":"https:\/\/www.europesays.com\/fr\/wp-json\/wp\/v2\/media\/380312"}],"wp:attachment":[{"href":"https:\/\/www.europesays.com\/fr\/wp-json\/wp\/v2\/media?parent=380311"}],"wp:term":[{"taxonomy":"category","embeddable":true,"href":"https:\/\/www.europesays.com\/fr\/wp-json\/wp\/v2\/categories?post=380311"},{"taxonomy":"post_tag","embeddable":true,"href":"https:\/\/www.europesays.com\/fr\/wp-json\/wp\/v2\/tags?post=380311"}],"curies":[{"name":"wp","href":"https:\/\/api.w.org\/{rel}","templated":true}]}}