{"id":380313,"date":"2025-09-10T13:08:11","date_gmt":"2025-09-10T13:08:11","guid":{"rendered":"https:\/\/www.europesays.com\/fr\/380313\/"},"modified":"2025-09-10T13:08:11","modified_gmt":"2025-09-10T13:08:11","slug":"deux-etrangers-soupconnes-de-vouloir-transmettre-des-secrets-militaires-americains-a-la-chine-en-fuite","status":"publish","type":"post","link":"https:\/\/www.europesays.com\/fr\/380313\/","title":{"rendered":"deux \u00e9trangers soup\u00e7onn\u00e9s de vouloir transmettre des secrets militaires am\u00e9ricains \u00e0 la Chine en fuite"},"content":{"rendered":"<p class=\"fig-paragraph\">Un Britannique et un Chinois, soup\u00e7onn\u00e9s par les\u00a0<a href=\"http:\/\/www.lefigaro.fr\/flash-eco\/aux-etats-unis-meta-est-accuse-d-avoir-etouffe-des-etudes-sur-la-securite-des-enfants-20250910\" data-fig-type=\"NewsFlash\" data-gtm-custom-categorie=\"navigation\" data-gtm-custom-action=\"crossclick\" data-gtm-custom-label=\"Contextuel\" data-gtm-event=\"customEventSPE\" data-fig-domain=\"LEFIGARO\" rel=\"nofollow noopener\" target=\"_blank\">\u00c9tats-Unis<\/a>\u00a0de vouloir transmettre des technologies militaires \u00e0 P\u00e9kin et arr\u00eat\u00e9s en Serbie se sont volatilis\u00e9s \u00e0 la mi-ao\u00fbt, enlevant eux-m\u00eames les bracelets \u00e9lectroniques qu&rsquo;ils portaient, a appris l&rsquo;AFP aupr\u00e8s de la justice serbe.<\/p>\n<p class=\"fig-paragraph\">John Miller et Cui Guanghai avaient \u00e9t\u00e9 arr\u00eat\u00e9s fin avril \u00e0\u00a0<a href=\"http:\/\/www.lefigaro.fr\/international\/serbie-des-manifestants-saccagent-a-nouveau-des-locaux-du-parti-presidentiel-a-belgrade-20250819\" data-fig-type=\"NewsFlash\" data-gtm-custom-categorie=\"navigation\" data-gtm-custom-action=\"crossclick\" data-gtm-custom-label=\"Contextuel\" data-gtm-event=\"customEventSPE\" data-fig-domain=\"LEFIGARO\" rel=\"nofollow noopener\" target=\"_blank\">Belgrade<\/a>, en vertu d&rsquo;un mandat d&rsquo;arr\u00eat international \u00e9mis par la justice am\u00e9ricaine, qui les soup\u00e7onne d&rsquo;\u00abassociation de malfaiteurs, contrebande et infractions \u00e0 la l\u00e9gislation sur le contr\u00f4le des exportations d&rsquo;armes\u00bb pour avoir notamment voulu \u00abobtenir et exporter des technologies militaires confidentielles am\u00e9ricaines vers la Chine\u00bb, selon un document du minist\u00e8re am\u00e9ricain de la Justice (DOJ).<\/p>\n<p class=\"fig-body-link\">\n            \u00c0 lire aussi<br \/>\n        <a class=\"fig-body-link__link\" href=\"http:\/\/www.lefigaro.fr\/flash-actu\/serbie-des-milliers-de-personnes-rassemblees-a-belgrade-pour-demander-des-elections-anticipees-20250901\" data-fig-type=\"NewsFlash\" data-gtm-custom-categorie=\"navigation\" data-gtm-custom-action=\"crossclick\" data-gtm-custom-label=\"Contextuel\" data-gtm-event=\"customEventSPE\" data-fig-domain=\"LEFIGARO\" rel=\"nofollow noopener\" target=\"_blank\">Serbie\u00a0: des milliers de personnes rassembl\u00e9es \u00e0 Belgrade pour demander des \u00e9lections anticip\u00e9es<br \/>\n    <\/a>\n<\/p>\n<p>                                    <a class=\"fig-a11y-skip a11y-hidden\" href=\"#fig-a11y-skip-main-inarticle\"><br \/>\n        Passer la publicit\u00e9<br \/>\n    <\/a><\/p>\n<p class=\"fig-paragraph\">Apr\u00e8s plusieurs semaines en d\u00e9tention, ils avaient \u00e9t\u00e9 plac\u00e9s en r\u00e9sidence surveill\u00e9e \u00e0 Belgrade, le temps que la justice serbe \u00e9tudie la demande d&rsquo;extradition d\u00e9pos\u00e9e par les \u00c9tats-Unis.<\/p>\n<p class=\"fig-paragraph\">Mi-ao\u00fbt, \u00able syst\u00e8me de surveillance \u00e9lectronique a enregistr\u00e9 une alerte\u00bb, a expliqu\u00e9 la Haute Cour de Justice \u00e0 l&rsquo;AFP. \u00abLorsque les agents de probation se sont rendus aux adresses [des deux hommes], il a \u00e9t\u00e9 constat\u00e9 que les personnes dont l&rsquo;extradition \u00e9tait demand\u00e9e n&rsquo;\u00e9taient plus pr\u00e9sentes. (&#8230;) Par cons\u00e9quent, elles ne sont plus sous surveillance et sont actuellement en fuite\u00bb. Un nouveau mandat d&rsquo;arr\u00eat, serbe, a \u00e9t\u00e9 \u00e9mis \u00e0 leur encontre. Interrog\u00e9 sur cette affaire, le<a href=\"http:\/\/www.lefigaro.fr\/actualite-france\/une-ressortissante-chinoise-soupconnee-d-espionnage-avait-une-antenne-de-7-metres-dans-son-jardin-de-haute-garonne-20250808\" data-fig-type=\"NewsFlash\" data-gtm-custom-categorie=\"navigation\" data-gtm-custom-action=\"crossclick\" data-gtm-custom-label=\"Contextuel\" data-gtm-event=\"customEventSPE\" data-fig-domain=\"LEFIGARO\" rel=\"nofollow noopener\" target=\"_blank\">\u00a0minist\u00e8re chinois\u00a0<\/a>des Affaires \u00e9trang\u00e8res a r\u00e9pondu \u00e0 l&rsquo;AFP ne pas avoir \u00abd&rsquo;informations \u00e0 ce sujet\u00bb.<\/p>\n<p>Les deux suspects actuellement en fuite<\/p>\n<p class=\"fig-paragraph\">Ni l&rsquo;ambassade de Grande-Bretagne \u00e0 Belgrade, ni le DOJ, ni la diplomatie britannique n&rsquo;ont r\u00e9pondu aux demandes de pr\u00e9cisions de l&rsquo;AFP sur ce dossier, renvoyant vers les autorit\u00e9s serbes qui n&rsquo;ont pas comment\u00e9.<\/p>\n<p class=\"fig-paragraph\">Si on ignore les raisons de la pr\u00e9sence des deux hommes \u00e0 Belgrade, la Serbie et la Chine sont li\u00e9es par de tr\u00e8s nombreux contrats commerciaux et des liens diplomatiques forts.<\/p>\n<p class=\"fig-paragraph\">En 2024, Belgrade \u00e9tait l&rsquo;une des trois villes visit\u00e9es par le pr\u00e9sident chinois\u00a0<a href=\"http:\/\/www.lefigaro.fr\/international\/la-chine-est-inarretable-xi-jinping-defie-donald-trump-en-affichant-sa-puissance-20250903\" data-fig-type=\"Article\" data-gtm-custom-categorie=\"navigation\" data-gtm-custom-action=\"crossclick\" data-gtm-custom-label=\"Contextuel\" data-gtm-event=\"customEventSPE\" data-fig-domain=\"LEFIGARO\" rel=\"nofollow noopener\" target=\"_blank\">Xi Jinping<\/a>\u00a0lors de sa tourn\u00e9e europ\u00e9enne, et le pr\u00e9sident serbe Aleksandar Vucic \u00e9tait l&rsquo;un des seuls dirigeants europ\u00e9ens \u00e0\u00a0<a href=\"http:\/\/www.lefigaro.fr\/conjoncture\/le-gouvernement-trump-est-en-train-de-tuer-l-agriculture-le-soja-americain-puni-par-la-riposte-de-pekin-20250905\" data-fig-type=\"Article\" data-gtm-custom-categorie=\"navigation\" data-gtm-custom-action=\"crossclick\" data-gtm-custom-label=\"Contextuel\" data-gtm-event=\"customEventSPE\" data-fig-domain=\"LEFIGARO\" rel=\"nofollow noopener\" target=\"_blank\">P\u00e9kin\u00a0<\/a>d\u00e9but septembre pour c\u00e9l\u00e9brer le 80e anniversaire de la fin de la Seconde Guerre mondiale et la victoire contre le Japon.<\/p>\n","protected":false},"excerpt":{"rendered":"Un Britannique et un Chinois, soup\u00e7onn\u00e9s par les\u00a0\u00c9tats-Unis\u00a0de vouloir transmettre des technologies militaires \u00e0 P\u00e9kin et arr\u00eat\u00e9s en&hellip;\n","protected":false},"author":2,"featured_media":380314,"comment_status":"","ping_status":"","sticky":false,"template":"","format":"standard","meta":{"footnotes":""},"categories":[1589],"tags":[11,309,73,1866,12,3329,1864,1865,1863,308],"class_list":{"0":"post-380313","1":"post","2":"type-post","3":"status-publish","4":"format-standard","5":"has-post-thumbnail","7":"category-etats-unis","8":"tag-actualites","9":"tag-chine","10":"tag-etats-unis","11":"tag-etats-unis-damerique","12":"tag-news","13":"tag-serbie","14":"tag-united-states","15":"tag-united-states-of-america","16":"tag-us","17":"tag-usa"},"share_on_mastodon":{"url":"","error":""},"_links":{"self":[{"href":"https:\/\/www.europesays.com\/fr\/wp-json\/wp\/v2\/posts\/380313","targetHints":{"allow":["GET"]}}],"collection":[{"href":"https:\/\/www.europesays.com\/fr\/wp-json\/wp\/v2\/posts"}],"about":[{"href":"https:\/\/www.europesays.com\/fr\/wp-json\/wp\/v2\/types\/post"}],"author":[{"embeddable":true,"href":"https:\/\/www.europesays.com\/fr\/wp-json\/wp\/v2\/users\/2"}],"replies":[{"embeddable":true,"href":"https:\/\/www.europesays.com\/fr\/wp-json\/wp\/v2\/comments?post=380313"}],"version-history":[{"count":0,"href":"https:\/\/www.europesays.com\/fr\/wp-json\/wp\/v2\/posts\/380313\/revisions"}],"wp:featuredmedia":[{"embeddable":true,"href":"https:\/\/www.europesays.com\/fr\/wp-json\/wp\/v2\/media\/380314"}],"wp:attachment":[{"href":"https:\/\/www.europesays.com\/fr\/wp-json\/wp\/v2\/media?parent=380313"}],"wp:term":[{"taxonomy":"category","embeddable":true,"href":"https:\/\/www.europesays.com\/fr\/wp-json\/wp\/v2\/categories?post=380313"},{"taxonomy":"post_tag","embeddable":true,"href":"https:\/\/www.europesays.com\/fr\/wp-json\/wp\/v2\/tags?post=380313"}],"curies":[{"name":"wp","href":"https:\/\/api.w.org\/{rel}","templated":true}]}}