{"id":380315,"date":"2025-09-10T13:09:10","date_gmt":"2025-09-10T13:09:10","guid":{"rendered":"https:\/\/www.europesays.com\/fr\/380315\/"},"modified":"2025-09-10T13:09:10","modified_gmt":"2025-09-10T13:09:10","slug":"pourquoi-ses-obseques-vont-marquer-une-grande-premiere-dans-lhistoire-du-royaume-uni","status":"publish","type":"post","link":"https:\/\/www.europesays.com\/fr\/380315\/","title":{"rendered":"pourquoi ses obse\u0300ques vont marquer une grande premie\u0300re dans l\u2019histoire du Royaume-Uni"},"content":{"rendered":"<p>Publi\u00e9 le 10 sept. 2025 \u00e0 14:49<\/p>\n<p><strong>La duchesse de Kent, membre de la famille royale britannique, est d\u00e9c\u00e9d\u00e9e \u00e0 l\u2019\u00e2ge de 92 ans, le 4 septembre 2025. Pr\u00e9vues le 16 septembre prochain, ses obs\u00e8ques marqueront un moment in\u00e9dit dans l\u2019histoire du Royaume-Uni.<\/strong><\/p>\n<p>Une triste nouvelle pour la famille royale britannique. Katharine Worsley, plus connue comme la duchesse de Kent, s\u2019est \u00e9teinte dans la nuit du jeudi 4 au vendredi 5 septembre 2025, entour\u00e9e de ses proches au Palais de Kensington. \u00c2g\u00e9e de 92 ans, l\u2019\u00e9pouse du prince Edward de Kent \u00e9tait la doyenne de la famille royale britannique. Dans un communiqu\u00e9, le Roi et la Reine ont rappel\u00e9 sa \u00ab\u00a0passion pour la musique et son empathie pour les jeunes\u00a0\u00bb.<\/p>\n<p>Tr\u00e8s investie dans les causes humanitaires, la duchesse de Kent a voyag\u00e9 aux quatre coins du globe pour repr\u00e9senter la monarchie, notamment aupr\u00e8s de l\u2019UNICEF. En 2002, Katharine Worsley s\u2019\u00e9tait retir\u00e9e de la vie royale. \u00c0 l\u2019inverse, son \u00e9poux, le duc de Kent, cousin germain de la reine Elizabeth II, \u00e9tait rest\u00e9 tr\u00e8s actif au service de la Couronne. C\u2019est seulement le 14 avril 2024, \u00e0 88 ans, que le Palais de Buckingham annon\u00e7ait que le duc de Kent allait passer la main, apr\u00e8s cinquante ans de bons et loyaux services au sein des Scots (&#8230;)<\/p>\n","protected":false},"excerpt":{"rendered":"Publi\u00e9 le 10 sept. 2025 \u00e0 14:49 La duchesse de Kent, membre de la famille royale britannique, est&hellip;\n","protected":false},"author":2,"featured_media":380316,"comment_status":"","ping_status":"","sticky":false,"template":"","format":"standard","meta":{"footnotes":""},"categories":[1588],"tags":[11,1777,674,12,473,1853,1851,1850,1852],"class_list":{"0":"post-380315","1":"post","2":"type-post","3":"status-publish","4":"format-standard","5":"has-post-thumbnail","7":"category-royaume-uni","8":"tag-actualites","9":"tag-eu","10":"tag-europe","11":"tag-news","12":"tag-royaume-uni","13":"tag-royaume-uni-de-grande-bretagne-et-dirlande-du-nord","14":"tag-uk","15":"tag-united-kingdom","16":"tag-united-kingdom-of-great-britain-and-northern-ireland"},"share_on_mastodon":{"url":"https:\/\/pubeurope.com\/@fr\/115180166588916553","error":""},"_links":{"self":[{"href":"https:\/\/www.europesays.com\/fr\/wp-json\/wp\/v2\/posts\/380315","targetHints":{"allow":["GET"]}}],"collection":[{"href":"https:\/\/www.europesays.com\/fr\/wp-json\/wp\/v2\/posts"}],"about":[{"href":"https:\/\/www.europesays.com\/fr\/wp-json\/wp\/v2\/types\/post"}],"author":[{"embeddable":true,"href":"https:\/\/www.europesays.com\/fr\/wp-json\/wp\/v2\/users\/2"}],"replies":[{"embeddable":true,"href":"https:\/\/www.europesays.com\/fr\/wp-json\/wp\/v2\/comments?post=380315"}],"version-history":[{"count":0,"href":"https:\/\/www.europesays.com\/fr\/wp-json\/wp\/v2\/posts\/380315\/revisions"}],"wp:featuredmedia":[{"embeddable":true,"href":"https:\/\/www.europesays.com\/fr\/wp-json\/wp\/v2\/media\/380316"}],"wp:attachment":[{"href":"https:\/\/www.europesays.com\/fr\/wp-json\/wp\/v2\/media?parent=380315"}],"wp:term":[{"taxonomy":"category","embeddable":true,"href":"https:\/\/www.europesays.com\/fr\/wp-json\/wp\/v2\/categories?post=380315"},{"taxonomy":"post_tag","embeddable":true,"href":"https:\/\/www.europesays.com\/fr\/wp-json\/wp\/v2\/tags?post=380315"}],"curies":[{"name":"wp","href":"https:\/\/api.w.org\/{rel}","templated":true}]}}