{"id":380323,"date":"2025-09-10T13:13:09","date_gmt":"2025-09-10T13:13:09","guid":{"rendered":"https:\/\/www.europesays.com\/fr\/380323\/"},"modified":"2025-09-10T13:13:09","modified_gmt":"2025-09-10T13:13:09","slug":"lusine-americaine-geante-de-hyundai-et-lg-sous-le-choc-apres-larrestation-musclee-de-travailleurs-le-monde-fr","status":"publish","type":"post","link":"https:\/\/www.europesays.com\/fr\/380323\/","title":{"rendered":"L\u2019usine am\u00e9ricaine g\u00e9ante de Hyundai et LG sous le choc apr\u00e8s l\u2019arrestation muscl\u00e9e de travailleurs &#8211; Le Monde.fr"},"content":{"rendered":"<ol>\n<li><a href=\"https:\/\/news.google.com\/rss\/articles\/CBMi_AFBVV95cUxOalQ0aGhlUFRTa1I4bHB1aXhUY0J0N0JDV0dVZlp6cURmem1rYkVvMkN4bl9fVEVfUWM5TDNzMjVTYUotZ2gtTllFa0xrNjR0c2k2UTNXLXkxTklid2ZSSVVrZ2gtam9PejNNamZqRFRfNUxfYkRocUdjV2wtUkNVT3dLaHVrSk1OZFRYdEhKRUtiaVd6bHpJTEg1OVl2ZEhSQUFWblZ1d3UxWjJiSEFPckJQZ0E2UFdKanpEQlVOWlVQTVVYU0lSRU1CWExoM3hHY2hGMklxRFNEZlhLc3ZpNzZ1NW00RlBhR2FjTHVac0V0Y1RDcnU2N3pPd2E?oc=5\" target=\"_blank\" rel=\"nofollow noopener\">L\u2019usine am\u00e9ricaine g\u00e9ante de Hyundai et LG sous le choc apr\u00e8s l\u2019arrestation muscl\u00e9e de travailleurs<\/a>&nbsp;&nbsp;Le Monde.fr<\/li>\n<li><a href=\"https:\/\/news.google.com\/rss\/articles\/CBMi0wFBVV95cUxPQzB3NFYzM1dmdkxidWhVZUxVR2pubTVOQzY3OV9TR1R6WWVTUURIS0NVOEFDQTJjZDBKSndGUmNwMWVEVnRDdzZ2aU50cjJoWTY2M3haY0lEbjBndTFBZnVSQ1hzMHl4d1I2d2wtOUp4VDMxdUMzSk56OTk4QVpNSE1ocWZTLS1YczQzWkp6Q2FULS0wQm8tQXJqU09xYk9jelNQeDBldkFrM2M3R19wZXZxVExaaHBWT3ZFMkF5RGRJN3kxY0t2b0ZMclZlcVB3bjVj?oc=5\" target=\"_blank\" rel=\"nofollow noopener\">La Cor\u00e9e du Sud envoie un avion pour rapatrier ses ressortissants arr\u00eat\u00e9s aux Etats-Unis<\/a>&nbsp;&nbsp;Actualit\u00e9s \u2013 Orange<\/li>\n<li><a href=\"https:\/\/news.google.com\/rss\/articles\/CBMi5wFBVV95cUxOOERwTWQweGpSaHlqSWNfVnVLelkyREowaFhxanpEYTNNcl9YQmRjUU1KZk91Mnc3RnpNaFhqLUE4Z1EzdmhJTm5EMGh2UE01QzBrRzdlWXRZNjB1bjRfaHZaOTFuRDZRaTJoeGw5YjNzY1YxY1pxNXVNUWtEeWZ2QzRYX0lqeldFaHFZZ2JNMlRpT2YyeE5TeDBvOVItZkJ4YUw5Nkt1WXlqcjcyRVNHVG9DQmp4amRTQnJSSDdUdDI4dDloOS1kZm13WG5fMjMwa1BFSHJoWDhPZzFLcEpZUm5ucDRsTk0?oc=5\" target=\"_blank\" rel=\"nofollow noopener\">\u00abEst-ce ainsi que l\u2019on traite un alli\u00e9 ?\u00bb : aux \u00c9tats-Unis, l\u2019improbable arrestation de 300 ouvriers sud-cor\u00e9ens<\/a>&nbsp;&nbsp;Le Figaro<\/li>\n<li><a href=\"https:\/\/news.google.com\/rss\/articles\/CBMi7gFBVV95cUxQRFU4djBmSmxlU2swTVkzZ3NlVmRsRnExLTZxQXJwTDladzRJbVNDeTc2a1h0MTQwalRYdGp3UUxnRWNiTmgzQXY2enNoOENGdE5GQ1VHOEllNW0zX2YyNGdYeDBub25MSUc2RnljM3Y5cXlpUXRHQ3NTaURCTk9VNUpxdjBLaE9XbU1GeERFdGR2cjBYVUFJVlV4TG56UHJPZi1IOEktT012UVhVd1FTYXJ3ZUY2dkV3ZWVmaWpHVzJNbFh0c3JLV19CaUhWNHduaHhWT2JuR1lNZTlabzRabjRHejZSUjVWaEpJY1JR?oc=5\" target=\"_blank\" rel=\"nofollow noopener\">Aux Etats-Unis, 475 salari\u00e9s arr\u00eat\u00e9s lors d\u2019une descente de police, la Cor\u00e9e du Sud r\u00e9agit<\/a>&nbsp;&nbsp;France Info<\/li>\n<li><a href=\"https:\/\/news.google.com\/rss\/articles\/CBMi1wFBVV95cUxOQ3JUN1FRR3FjemR1WUxWckpvWG5ocFVIdFlFMmtjMDZzdDVmZTNRdnVEeWl0MUloQTFLRndQUjEwZGdzUlhFZEdsMFl0bE10NG1CTWxNNGV6cnJuNC1RNWtjaGpTMjM4aXlwcFV1d3BIMldMYzd2clR0c1VqU2YyZFpoS0lFTjdOVkVodFJBLVY1OGdxd3JpdU9mbGdQNUNjX2FseVN4aVUzN2F5U3R0b0ZvUThwYm9mRWM2dE5ZUndPWTBnUDc2azktNTJWTXd6M1ExdE9SWQ?oc=5\" target=\"_blank\" rel=\"nofollow noopener\">\u00c9tats-Unis : plus de 300 Sud-Cor\u00e9ens arr\u00eat\u00e9s lors d&rsquo;un raid dans une usine<\/a>&nbsp;&nbsp;France 24<\/li>\n<\/ol>\n","protected":false},"excerpt":{"rendered":"L\u2019usine am\u00e9ricaine g\u00e9ante de Hyundai et LG sous le choc apr\u00e8s l\u2019arrestation muscl\u00e9e de travailleurs&nbsp;&nbsp;Le Monde.fr La Cor\u00e9e&hellip;\n","protected":false},"author":2,"featured_media":1445,"comment_status":"","ping_status":"","sticky":false,"template":"","format":"standard","meta":{"footnotes":""},"categories":[2],"tags":[11,1011,27,12,25],"class_list":{"0":"post-380323","1":"post","2":"type-post","3":"status-publish","4":"format-standard","5":"has-post-thumbnail","7":"category-actualites","8":"tag-actualites","9":"tag-fr","10":"tag-france","11":"tag-news","12":"tag-republique-francaise"},"share_on_mastodon":{"url":"https:\/\/pubeurope.com\/@fr\/115180182131764469","error":""},"_links":{"self":[{"href":"https:\/\/www.europesays.com\/fr\/wp-json\/wp\/v2\/posts\/380323","targetHints":{"allow":["GET"]}}],"collection":[{"href":"https:\/\/www.europesays.com\/fr\/wp-json\/wp\/v2\/posts"}],"about":[{"href":"https:\/\/www.europesays.com\/fr\/wp-json\/wp\/v2\/types\/post"}],"author":[{"embeddable":true,"href":"https:\/\/www.europesays.com\/fr\/wp-json\/wp\/v2\/users\/2"}],"replies":[{"embeddable":true,"href":"https:\/\/www.europesays.com\/fr\/wp-json\/wp\/v2\/comments?post=380323"}],"version-history":[{"count":0,"href":"https:\/\/www.europesays.com\/fr\/wp-json\/wp\/v2\/posts\/380323\/revisions"}],"wp:featuredmedia":[{"embeddable":true,"href":"https:\/\/www.europesays.com\/fr\/wp-json\/wp\/v2\/media\/1445"}],"wp:attachment":[{"href":"https:\/\/www.europesays.com\/fr\/wp-json\/wp\/v2\/media?parent=380323"}],"wp:term":[{"taxonomy":"category","embeddable":true,"href":"https:\/\/www.europesays.com\/fr\/wp-json\/wp\/v2\/categories?post=380323"},{"taxonomy":"post_tag","embeddable":true,"href":"https:\/\/www.europesays.com\/fr\/wp-json\/wp\/v2\/tags?post=380323"}],"curies":[{"name":"wp","href":"https:\/\/api.w.org\/{rel}","templated":true}]}}