{"id":380324,"date":"2025-09-10T13:14:12","date_gmt":"2025-09-10T13:14:12","guid":{"rendered":"https:\/\/www.europesays.com\/fr\/380324\/"},"modified":"2025-09-10T13:14:12","modified_gmt":"2025-09-10T13:14:12","slug":"en-direct-bloquons-tout-lambiance-se-tend-place-de-la-republique-a-paris-liberation","status":"publish","type":"post","link":"https:\/\/www.europesays.com\/fr\/380324\/","title":{"rendered":"EN DIRECT &#8211; Bloquons tout\u00a0: l\u2019ambiance se tend place de la R\u00e9publique \u00e0 Paris \u2013 Lib\u00e9ration"},"content":{"rendered":"<p class=\"sc-cPiKLX AiZTS text-element\">\u00abLes politiques d\u2019aust\u00e9rit\u00e9 touchent les femmes en premier\u00bb, pointe Sophie (1), 26\u00a0ans, assise sur un banc \u00e0 l\u2019or\u00e9e de la place des F\u00eates. L\u2019ambiance est loin des fum\u00e9es de lacrymo, sur cette zone b\u00e9tonn\u00e9e, clairsem\u00e9e d\u2019arbres et d\u00e9j\u00e0 fourmillante de monde. Une petite centaine de personnes s\u2019est rassembl\u00e9e en cette fin de matin\u00e9e \u00e0 l\u2019appel du collectif F\u00e9ministes R\u00e9volutionnaires. Le programme du jour est ponctu\u00e9 d\u2019interventions de divers collectifs (Acceptess, engag\u00e9 pour les droits des personnes trans\u00a0; F\u00e9ministe4Jina, groupe de soutien aux femmes iraniennes\u2026) et d\u2019animations\u00a0: \u00abmatch de foot du collectif f\u00e9ministe Les D\u00e9gommeuses, atelier manif\u2019pour enfants et coloriage de pancartes\u00bb, \u00e9nonce la porte-parole du mouvement, Louise. Il y a m\u00eame des tout-petits, comme Esteban, 7\u00a0ans, venu avec sa m\u00e8re, B\u00e9n\u00e9dicte, 44\u00a0ans. \u00abOn ne nous \u00e9coute pas, donc \u00e0 un moment il faut taper du poing. C\u2019est important de le faire pour nos enfants\u00bb, assure cette derni\u00e8re. Dans la foule, il y a aussi quelques sympathisants du voisinage, comme Yasmina, 53\u00a0ans, et Serge, 56\u00a0ans, venus car \u00abc\u2019est juste \u00e0 c\u00f4t\u00e9, c\u2019est pratique. Et puis on \u00e9pouse la cause\u00a0!\u00bb <\/p>\n<p class=\"sc-cPiKLX AiZTS text-element\">(1)\u00a0: le pr\u00e9nom a \u00e9t\u00e9 modifi\u00e9<\/p>\n","protected":false},"excerpt":{"rendered":"\u00abLes politiques d\u2019aust\u00e9rit\u00e9 touchent les femmes en premier\u00bb, pointe Sophie (1), 26\u00a0ans, assise sur un banc \u00e0 l\u2019or\u00e9e&hellip;\n","protected":false},"author":2,"featured_media":380325,"comment_status":"","ping_status":"","sticky":false,"template":"","format":"standard","meta":{"footnotes":""},"categories":[2],"tags":[11,47212,1073,1011,27,431,18677,2088,12,25],"class_list":{"0":"post-380324","1":"post","2":"type-post","3":"status-publish","4":"format-standard","5":"has-post-thumbnail","7":"category-actualites","8":"tag-actualites","9":"tag-bloquons-tout","10":"tag-emmanuel-macron","11":"tag-fr","12":"tag-france","13":"tag-francois-bayrou","14":"tag-greves","15":"tag-manifestation","16":"tag-news","17":"tag-republique-francaise"},"share_on_mastodon":{"url":"https:\/\/pubeurope.com\/@fr\/115180186113414360","error":""},"_links":{"self":[{"href":"https:\/\/www.europesays.com\/fr\/wp-json\/wp\/v2\/posts\/380324","targetHints":{"allow":["GET"]}}],"collection":[{"href":"https:\/\/www.europesays.com\/fr\/wp-json\/wp\/v2\/posts"}],"about":[{"href":"https:\/\/www.europesays.com\/fr\/wp-json\/wp\/v2\/types\/post"}],"author":[{"embeddable":true,"href":"https:\/\/www.europesays.com\/fr\/wp-json\/wp\/v2\/users\/2"}],"replies":[{"embeddable":true,"href":"https:\/\/www.europesays.com\/fr\/wp-json\/wp\/v2\/comments?post=380324"}],"version-history":[{"count":0,"href":"https:\/\/www.europesays.com\/fr\/wp-json\/wp\/v2\/posts\/380324\/revisions"}],"wp:featuredmedia":[{"embeddable":true,"href":"https:\/\/www.europesays.com\/fr\/wp-json\/wp\/v2\/media\/380325"}],"wp:attachment":[{"href":"https:\/\/www.europesays.com\/fr\/wp-json\/wp\/v2\/media?parent=380324"}],"wp:term":[{"taxonomy":"category","embeddable":true,"href":"https:\/\/www.europesays.com\/fr\/wp-json\/wp\/v2\/categories?post=380324"},{"taxonomy":"post_tag","embeddable":true,"href":"https:\/\/www.europesays.com\/fr\/wp-json\/wp\/v2\/tags?post=380324"}],"curies":[{"name":"wp","href":"https:\/\/api.w.org\/{rel}","templated":true}]}}