{"id":380326,"date":"2025-09-10T13:15:15","date_gmt":"2025-09-10T13:15:15","guid":{"rendered":"https:\/\/www.europesays.com\/fr\/380326\/"},"modified":"2025-09-10T13:15:15","modified_gmt":"2025-09-10T13:15:15","slug":"ariege-france-alzheimer-09-fete-les-40-ans-de-lassociation-et-se-met-sur-les-rails-pour-2025-2026","status":"publish","type":"post","link":"https:\/\/www.europesays.com\/fr\/380326\/","title":{"rendered":"Ari\u00e8ge\u00a0: France Alzheimer 09 f\u00eate les 40 ans de l\u2019association et se met sur les rails pour 2025-2026"},"content":{"rendered":"<p>\n                                                                    l&rsquo;essentiel<br \/>\n                                                                Accompagner, aider, soulager et former les aidants d\u2019un proche atteint de la maladie d\u2019Alzheimer et ou d\u2019une maladie apparent\u00e9e, sont les objectifs des associations France Alzheimer en Ari\u00e8ge.\n                            <\/p>\n<p>La premi\u00e8re association <a href=\"https:\/\/www.francealzheimer.org\/ariege\/\" target=\"_self\" rel=\"nofollow noopener\">France Alzheimer <\/a>a \u00e9t\u00e9 cr\u00e9\u00e9e il y a 40 ans par des familles qui se sont regroup\u00e9es pour mieux accompagner leurs malades. Depuis, la quasi-totalit\u00e9 des d\u00e9partements ont leur propre association affili\u00e9e \u00e0 la structure nationale. Pour c\u00e9l\u00e9brer cette date symbolique, de nombreuses activit\u00e9s sont organis\u00e9es partout en France. En Ari\u00e8ge, l\u2019association se propose de f\u00eater cet anniversaire en organisant un th\u00e9 dansant avec orchestre \u00e0 la salle des f\u00eates de Ferri\u00e8res (ville aidante Alzheimer) le dimanche 28\u00a0septembre \u00e0 partir de 14\u00a0heures. Un go\u00fbter festif sera partag\u00e9 \u00e0 son issue.<\/p>\n<p>C\u00f4t\u00e9 actions, l\u2019association propose tout d\u2019abord un accueil et une \u00e9coute bienveillante au nouveau local de l\u2019association, 6 cours Ir\u00e9n\u00e9e-Cros \u00e0 Foix. Des b\u00e9n\u00e9voles form\u00e9s sont \u00e0 la disposition des familles pour leur apporter soutien et informations.<\/p>\n<p>Des actions et une nouveaut\u00e9<\/p>\n<p>Un caf\u00e9 m\u00e9moire sur la th\u00e9matique \u00ab\u00a0Audition et cognition\u00a0\u00bb, anim\u00e9 par le Dr B\u00e9atrice Rauzy, g\u00e9riatre, et Mansour Selmani, audioproth\u00e9siste, se tiendra dans la salle municipale de Laroque-d\u2019Olmes le 7\u00a0novembre \u00e0 14\u00a0heures.<\/p>\n<p>Les ateliers de m\u00e9ditation de pleine conscience se tiennent le mercredi, de 10\u00a0heures \u00e0 11h30 \u00e0 Foix pour les proches aidants\u00a0: une bulle de r\u00e9pit pour d\u00e9velopper des ressources int\u00e9rieures de r\u00e9silience par des pratiques simples, la\u00efques et adapt\u00e9es \u00e0 l\u2019esprit occidental.<\/p>\n<p>Les s\u00e9ances de m\u00e9diation animale ont repris avec des s\u00e9quences tr\u00e8s pris\u00e9es d\u2019\u00e9quith\u00e9rapie avec le haras Equiterre. Reprise \u00e9galement des ateliers de sophrologie, qui ont connu un franc succ\u00e8s cette ann\u00e9e\u00a0\u00e0 Tarascon, Pamiers et Saint-Girons selon une programmation en cours de finalisation<\/p>\n<p>Nouveaut\u00e9 cette ann\u00e9e, un atelier de musicoth\u00e9rapie (musique et chants) sera organis\u00e9 avec une arth\u00e9rapeute certifi\u00e9e, tous les 15 jours, le mardi \u00e0 14\u00a0heures dans les locaux de l\u2019\u00e9cole de musique de Foix. Cet atelier sera ouvert aux aidants et aux personnes en d\u00e9but de maladie pour des activit\u00e9s communes et des moments de complicit\u00e9.<\/p>\n<p>Pour plus d\u2019informations\u00a0: contact09@francealzheimer.org ou 06\u00a030\u00a081\u00a018\u00a079.<\/p>\n","protected":false},"excerpt":{"rendered":"l&rsquo;essentiel Accompagner, aider, soulager et former les aidants d\u2019un proche atteint de la maladie d\u2019Alzheimer et ou d\u2019une&hellip;\n","protected":false},"author":2,"featured_media":380327,"comment_status":"","ping_status":"","sticky":false,"template":"","format":"standard","meta":{"footnotes":""},"categories":[4],"tags":[11,1011,27,12,25],"class_list":{"0":"post-380326","1":"post","2":"type-post","3":"status-publish","4":"format-standard","5":"has-post-thumbnail","7":"category-france","8":"tag-actualites","9":"tag-fr","10":"tag-france","11":"tag-news","12":"tag-republique-francaise"},"share_on_mastodon":{"url":"https:\/\/pubeurope.com\/@fr\/115180189947892286","error":""},"_links":{"self":[{"href":"https:\/\/www.europesays.com\/fr\/wp-json\/wp\/v2\/posts\/380326","targetHints":{"allow":["GET"]}}],"collection":[{"href":"https:\/\/www.europesays.com\/fr\/wp-json\/wp\/v2\/posts"}],"about":[{"href":"https:\/\/www.europesays.com\/fr\/wp-json\/wp\/v2\/types\/post"}],"author":[{"embeddable":true,"href":"https:\/\/www.europesays.com\/fr\/wp-json\/wp\/v2\/users\/2"}],"replies":[{"embeddable":true,"href":"https:\/\/www.europesays.com\/fr\/wp-json\/wp\/v2\/comments?post=380326"}],"version-history":[{"count":0,"href":"https:\/\/www.europesays.com\/fr\/wp-json\/wp\/v2\/posts\/380326\/revisions"}],"wp:featuredmedia":[{"embeddable":true,"href":"https:\/\/www.europesays.com\/fr\/wp-json\/wp\/v2\/media\/380327"}],"wp:attachment":[{"href":"https:\/\/www.europesays.com\/fr\/wp-json\/wp\/v2\/media?parent=380326"}],"wp:term":[{"taxonomy":"category","embeddable":true,"href":"https:\/\/www.europesays.com\/fr\/wp-json\/wp\/v2\/categories?post=380326"},{"taxonomy":"post_tag","embeddable":true,"href":"https:\/\/www.europesays.com\/fr\/wp-json\/wp\/v2\/tags?post=380326"}],"curies":[{"name":"wp","href":"https:\/\/api.w.org\/{rel}","templated":true}]}}