{"id":380328,"date":"2025-09-10T13:18:12","date_gmt":"2025-09-10T13:18:12","guid":{"rendered":"https:\/\/www.europesays.com\/fr\/380328\/"},"modified":"2025-09-10T13:18:12","modified_gmt":"2025-09-10T13:18:12","slug":"mais-quest-ce-quils-foutent-camille-lopez-demonte-les-cliches","status":"publish","type":"post","link":"https:\/\/www.europesays.com\/fr\/380328\/","title":{"rendered":"\u00ab Mais qu\u2019est-ce qu\u2019ils foutent ? \u00bb, Camille Lopez d\u00e9monte les clich\u00e9s"},"content":{"rendered":"<p>Camille Lopez n\u2019a jamais \u00e9t\u00e9 du genre \u00e0 m\u00e2cher ses mots. \u00c0 36 ans, l\u2019ancien ouvreur de l\u2019Aviron bayonnais a troqu\u00e9 les crampons pour le tableau blanc, int\u00e9grant cet \u00e9t\u00e9 le staff technique du club basque. Dans une interview accord\u00e9e \u00e0 Rugbyrama, il a livr\u00e9 un t\u00e9moignage franc et sans fard sur sa nouvelle vie d\u2019entra\u00eeneur.<\/p>\n<p>\u00a0<\/p>\n<p>\u00ab Je d\u00e9couvre, j\u2019apprends et je prends du plaisir \u00bb, confie Lopez visiblement \u00e9panoui dans son nouveau r\u00f4le. Mais derri\u00e8re l\u2019enthousiasme, il pointe aussi la m\u00e9connaissance des joueurs sur le quotidien des coachs. \u00ab Quand j\u2019\u00e9tais joueur, on se disait : \u2018Mais qu\u2019est-ce que les entra\u00eeneurs foutent pendant autant de temps dans ce bureau ?\u2019 \u00bb, r\u00e9v\u00e8le-t-il. Une phrase qui traduit un vrai choc de perception.<\/p>\n<p>\u00a0<\/p>\n<p>De l\u2019autre c\u00f4t\u00e9 du miroir<\/p>\n<p>D\u00e9sormais de l\u2019autre c\u00f4t\u00e9 du rideau, il mesure l\u2019ampleur du travail invisible. \u00ab Les amplitudes horaires sont compl\u00e8tement diff\u00e9rentes. C\u2019est un sacr\u00e9 changement \u00bb, fait remarquer Camille Lopez. Il d\u00e9couvre la densit\u00e9 des pr\u00e9parations, des analyses vid\u00e9o, des ajustements tactiques et du suivi individuel. Une m\u00e9canique de pr\u00e9cision qui d\u00e9passe largement le simple \u00ab plan de jeu ou de syst\u00e8me \u00bb.<\/p>\n<p>\u00a0<\/p>\n<p>Partagez cette info avec vos amis et vos proches en cliquant ici<br \/>Pour r\u00e9sumer<\/p>\n<p>\u00c0 36 ans, Camille Lopez d\u00e9couvre les coulisses du coaching \u00e0 Bayonne. Pass\u00e9 joueur \u00e0 entra\u00eeneur, il r\u00e9alise l\u2019ampleur du travail invisible et d\u00e9monte les clich\u00e9s sur les longues heures pass\u00e9es au bureau par les staffs techniques.<\/p>\n<p> <img decoding=\"async\" width=\"76\" height=\"76\" loading=\"lazy\" src=\"https:\/\/www.europesays.com\/fr\/wp-content\/uploads\/2025\/04\/avatar-quinze.png\" alt=\"Voldi Fr\u00e9jus\u00a0Hounvio\"\/><\/p>\n","protected":false},"excerpt":{"rendered":"Camille Lopez n\u2019a jamais \u00e9t\u00e9 du genre \u00e0 m\u00e2cher ses mots. \u00c0 36 ans, l\u2019ancien ouvreur de l\u2019Aviron&hellip;\n","protected":false},"author":2,"featured_media":380329,"comment_status":"","ping_status":"","sticky":false,"template":"","format":"standard","meta":{"footnotes":""},"categories":[1416],"tags":[1011,27,479,1468,60],"class_list":{"0":"post-380328","1":"post","2":"type-post","3":"status-publish","4":"format-standard","5":"has-post-thumbnail","7":"category-rugby","8":"tag-fr","9":"tag-france","10":"tag-rugby","11":"tag-rugby-football","12":"tag-sports"},"share_on_mastodon":{"url":"https:\/\/pubeurope.com\/@fr\/115180202245176474","error":""},"_links":{"self":[{"href":"https:\/\/www.europesays.com\/fr\/wp-json\/wp\/v2\/posts\/380328","targetHints":{"allow":["GET"]}}],"collection":[{"href":"https:\/\/www.europesays.com\/fr\/wp-json\/wp\/v2\/posts"}],"about":[{"href":"https:\/\/www.europesays.com\/fr\/wp-json\/wp\/v2\/types\/post"}],"author":[{"embeddable":true,"href":"https:\/\/www.europesays.com\/fr\/wp-json\/wp\/v2\/users\/2"}],"replies":[{"embeddable":true,"href":"https:\/\/www.europesays.com\/fr\/wp-json\/wp\/v2\/comments?post=380328"}],"version-history":[{"count":0,"href":"https:\/\/www.europesays.com\/fr\/wp-json\/wp\/v2\/posts\/380328\/revisions"}],"wp:featuredmedia":[{"embeddable":true,"href":"https:\/\/www.europesays.com\/fr\/wp-json\/wp\/v2\/media\/380329"}],"wp:attachment":[{"href":"https:\/\/www.europesays.com\/fr\/wp-json\/wp\/v2\/media?parent=380328"}],"wp:term":[{"taxonomy":"category","embeddable":true,"href":"https:\/\/www.europesays.com\/fr\/wp-json\/wp\/v2\/categories?post=380328"},{"taxonomy":"post_tag","embeddable":true,"href":"https:\/\/www.europesays.com\/fr\/wp-json\/wp\/v2\/tags?post=380328"}],"curies":[{"name":"wp","href":"https:\/\/api.w.org\/{rel}","templated":true}]}}