{"id":380330,"date":"2025-09-10T13:19:10","date_gmt":"2025-09-10T13:19:10","guid":{"rendered":"https:\/\/www.europesays.com\/fr\/380330\/"},"modified":"2025-09-10T13:19:10","modified_gmt":"2025-09-10T13:19:10","slug":"us-open-becker-sur-sinner-je-suis-quelquun-qui-ressent-toujours-le-besoin-de-dire-la-verite-jai-ete-un-peu-decu-mais-pas-par-alcaraz-je-pense-que-jannik-a-stagne-dans-son-jeu-pour-la-premier","status":"publish","type":"post","link":"https:\/\/www.europesays.com\/fr\/380330\/","title":{"rendered":"US Open > Becker sur Sinner : \u00ab\u00a0Je suis quelqu&rsquo;un qui ressent toujours le besoin de dire la v\u00e9rit\u00e9. J&rsquo;ai \u00e9t\u00e9 un peu d\u00e9\u00e7u, mais pas par Alcaraz. Je pense que Jannik a stagn\u00e9 dans son jeu pour la premi\u00e8re fois\u00a0\u00bb"},"content":{"rendered":"<p>Dans le dernier \u00e9pisode du podcast qu\u2019il co\u2010anime avec Andrea Petkovic, <a href=\"https:\/\/www.welovetennis.fr\/us-open\/boris-becker-si-jannik-sinner-a-une-vraie-faiblesse-cest-bien-celle-ci\" data-wpel-link=\"internal\" rel=\"nofollow noopener\" target=\"_blank\">au cours duquel il a d\u00e9tect\u00e9 une \u00ab\u202fvraie faiblesse\u202f\u00bb chez Jannik Sinner<\/a>, Boris Becker a donn\u00e9 son avis sur la finale de l\u2019US Open, remport\u00e9e en quatre sets par Carlos Alcaraz.\u00a0<\/p>\n<p><strong>\u00ab\u202fJe suis quel\u00adqu\u2019un qui ressent toujours le besoin de dire la v\u00e9rit\u00e9. J\u2019ai donc \u00e9t\u00e9 un peu d\u00e9\u00e7u. Je m\u2019at\u00adten\u00addais \u00e0 mieux. Mais bien s\u00fbr, je n\u2019ai pas \u00e9t\u00e9 d\u00e9\u00e7u par Alcaraz, car il a vrai\u00adment beau\u00adcoup appris. Il joue mieux au tennis aujourd\u2019hui qu\u2019il y a un an. Il a plus de vari\u00e9t\u00e9, il change de rythme. Il joue en service\u2010vol\u00e9e, il joue en slice du revers, il joue un coup droit o\u00f9 l\u2019on ne voit pas la balle. Et je pense que Sinner a stagn\u00e9 dans son jeu pour la premi\u00e8re fois. Il (Sinner) est d\u00e9sor\u00admais pr\u00e9vi\u00adsible, on sait exac\u00adte\u00adment ce qui va lui arriver. Et ce n\u2019est pas si grave que je le voie ainsi. C\u2019est pire pour lui qu\u2019Alcaraz le voie\u00a0ainsi.\u202f\u00bb<\/strong><\/p>\n<p class=\"post-published-date\" style=\"color: silver; font-size: 75%; text-align: left;\">Publi\u00e9 le mercredi 10 septembre 2025 \u00e0 12:22<\/p>\n","protected":false},"excerpt":{"rendered":"Dans le dernier \u00e9pisode du podcast qu\u2019il co\u2010anime avec Andrea Petkovic, au cours duquel il a d\u00e9tect\u00e9 une&hellip;\n","protected":false},"author":2,"featured_media":81747,"comment_status":"","ping_status":"","sticky":false,"template":"","format":"standard","meta":{"footnotes":""},"categories":[1415],"tags":[1744,1011,27,2127,60,1467],"class_list":{"0":"post-380330","1":"post","2":"type-post","3":"status-publish","4":"format-standard","5":"has-post-thumbnail","7":"category-tennis","8":"tag-alcaraz","9":"tag-fr","10":"tag-france","11":"tag-sinner","12":"tag-sports","13":"tag-tennis"},"share_on_mastodon":{"url":"https:\/\/pubeurope.com\/@fr\/115180205690758773","error":""},"_links":{"self":[{"href":"https:\/\/www.europesays.com\/fr\/wp-json\/wp\/v2\/posts\/380330","targetHints":{"allow":["GET"]}}],"collection":[{"href":"https:\/\/www.europesays.com\/fr\/wp-json\/wp\/v2\/posts"}],"about":[{"href":"https:\/\/www.europesays.com\/fr\/wp-json\/wp\/v2\/types\/post"}],"author":[{"embeddable":true,"href":"https:\/\/www.europesays.com\/fr\/wp-json\/wp\/v2\/users\/2"}],"replies":[{"embeddable":true,"href":"https:\/\/www.europesays.com\/fr\/wp-json\/wp\/v2\/comments?post=380330"}],"version-history":[{"count":0,"href":"https:\/\/www.europesays.com\/fr\/wp-json\/wp\/v2\/posts\/380330\/revisions"}],"wp:featuredmedia":[{"embeddable":true,"href":"https:\/\/www.europesays.com\/fr\/wp-json\/wp\/v2\/media\/81747"}],"wp:attachment":[{"href":"https:\/\/www.europesays.com\/fr\/wp-json\/wp\/v2\/media?parent=380330"}],"wp:term":[{"taxonomy":"category","embeddable":true,"href":"https:\/\/www.europesays.com\/fr\/wp-json\/wp\/v2\/categories?post=380330"},{"taxonomy":"post_tag","embeddable":true,"href":"https:\/\/www.europesays.com\/fr\/wp-json\/wp\/v2\/tags?post=380330"}],"curies":[{"name":"wp","href":"https:\/\/api.w.org\/{rel}","templated":true}]}}