{"id":380337,"date":"2025-09-10T13:24:11","date_gmt":"2025-09-10T13:24:11","guid":{"rendered":"https:\/\/www.europesays.com\/fr\/380337\/"},"modified":"2025-09-10T13:24:11","modified_gmt":"2025-09-10T13:24:11","slug":"larrivee-et-les-premier-mots-de-benjamin-pavard","status":"publish","type":"post","link":"https:\/\/www.europesays.com\/fr\/380337\/","title":{"rendered":"L&rsquo;arriv\u00e9e et les premier mots de Benjamin Pavard !"},"content":{"rendered":"<p data-start=\"194\" data-end=\"498\"><strong>Pourtant, c\u2019est bien Benjamin Pavard,\u00a0 recrue phare du mercato estival de l\u2019OM, qui a pos\u00e9 ses valises \u00e0 Marseille. Les champion du monde 2018 est arriv\u00e9e \u00e0 l\u2019aviation g\u00e9n\u00e9rale de Marignane a v\u00e9cu une atmosph\u00e8re \u00e9tonnamment calme ce mercredi midi.<\/strong><\/p>\n<p data-start=\"500\" data-end=\"950\">La direction olympienne esp\u00e9rait une ferveur plus marqu\u00e9e, mais plusieurs facteurs ont frein\u00e9 l\u2019\u00e9lan populaire : la fin des vacances scolaires, la reprise du travail pour beaucoup, et surtout le mouvement social \u00ab Bloquons tout \u00bb, qui a conduit la police nationale \u00e0 filtrer les arriv\u00e9es en amont, d\u00e8s le rond-point du Terminal 2. R\u00e9sultat : une grosse cinquantaine de supporters seulement \u00e9taient pr\u00e9sents pour accueillir le d\u00e9fenseur de 29 ans.<\/p>\n<p>\u00ab Je suis tr\u00e8s fier de rejoindre l\u2019OM \u00bb<\/p>\n<p data-start=\"1286\" data-end=\"1468\">Accueilli par quelques chants timides, Pavard a pris le temps de signer des autographes et de poser pour des photos souvenirs avant de livrer ses premiers mots en tant qu\u2019Olympien.<\/p>\n<blockquote data-start=\"1470\" data-end=\"1830\">\n<p data-start=\"1472\" data-end=\"1830\">\u201cJe suis tr\u00e8s fier de rejoindre l\u2019Olympique de Marseille, un club aussi prestigieux. J\u2019ai d\u00e9j\u00e0 h\u00e2te d\u2019\u00eatre vendredi au V\u00e9lodrome et de sentir la ferveur des supporters. J\u2019esp\u00e8re vivre de belles \u00e9motions ici. J\u2019ai d\u00e9j\u00e0 jou\u00e9 avec Lille au V\u00e9lodrome et c\u2019\u00e9tait une ambiance incroyable. J\u2019ai h\u00e2te de d\u00e9buter et impatient de vivre des grands moments avec l\u2019OM. Il n\u2019y avait que l\u2019OM dans ma t\u00eate. Je ne voulais que l\u2019OM. J\u2019ai eu une bonne discussion avec Medhi (Benatia). C\u2019est quelqu\u2019un qui fait un tr\u00e8s bon travail depuis deux ans. Il y a un groupe de qualit\u00e9. J\u2019esp\u00e8re qu\u2019on va faire de belles choses tous ensemble. Mon objectif c\u2019est de performer collectivement. (Propos relay\u00e9s par RMC Sport)<\/p>\n<\/blockquote>\n<p data-start=\"1832\" data-end=\"2036\">Avec ce renfort d\u2019envergure, l\u2019OM signe un joli coup sur la sc\u00e8ne nationale et internationale. Pavard, lui, ne cache pas son enthousiasme et son attachement \u00e0 son choix : <strong data-start=\"2003\" data-end=\"2033\">\u00ab Je ne voulais que l\u2019OM \u00bb<\/strong>.<\/p>\n<p data-start=\"2038\" data-end=\"2211\">Tous les regards seront d\u00e9sormais tourn\u00e9s vers vendredi soir et le V\u00e9lodrome, o\u00f9 le d\u00e9fenseur tricolore pourrait bien vivre ses premiers frissons sous le maillot olympien.<\/p>\n<blockquote class=\"twitter-tweet\" data-media-max-width=\"560\">\n<p dir=\"ltr\" lang=\"fr\">Il est arriv\u00e9 ! Benjamin <a href=\"https:\/\/twitter.com\/hashtag\/Pavard?src=hash&amp;ref_src=twsrc%5Etfw\" rel=\"nofollow noopener\" target=\"_blank\">#Pavard<\/a> avec Titi !<\/p>\n<p>\ud83d\udcf7 <a href=\"https:\/\/twitter.com\/Mode55489648?ref_src=twsrc%5Etfw\" rel=\"nofollow noopener\" target=\"_blank\">@Mode55489648<\/a> <a href=\"https:\/\/twitter.com\/hashtag\/OM?src=hash&amp;ref_src=twsrc%5Etfw\" rel=\"nofollow noopener\" target=\"_blank\">#OM<\/a> <a href=\"https:\/\/t.co\/ACFSZfBX4u\" rel=\"nofollow\">pic.twitter.com\/ACFSZfBX4u<\/a><\/p>\n<p>\u2014 Football Club de Marseille (@FCMarseille) <a href=\"https:\/\/twitter.com\/FCMarseille\/status\/1965726951265689738?ref_src=twsrc%5Etfw\" rel=\"nofollow noopener\" target=\"_blank\">September 10, 2025<\/a><\/p>\n<\/blockquote>\n<blockquote class=\"twitter-tweet-lazy\">\n<p dir=\"ltr\" lang=\"fr\">\ud83d\udea8\ud83d\udca3 <a href=\"https:\/\/twitter.com\/hashtag\/MercatOM?src=hash&amp;ref_src=twsrc%5Etfw\" rel=\"nofollow noopener\" target=\"_blank\">#MercatOM<\/a> : Benjamin <a href=\"https:\/\/twitter.com\/hashtag\/Pavard?src=hash&amp;ref_src=twsrc%5Etfw\" rel=\"nofollow noopener\" target=\"_blank\">#Pavard<\/a> \ud83c\uddeb\ud83c\uddf7 vient d\u2019atterrir \u00e0 <a href=\"https:\/\/twitter.com\/hashtag\/Marignane?src=hash&amp;ref_src=twsrc%5Etfw\" rel=\"nofollow noopener\" target=\"_blank\">#Marignane<\/a> !!! <a href=\"https:\/\/twitter.com\/hashtag\/TeamOM?src=hash&amp;ref_src=twsrc%5Etfw\" rel=\"nofollow noopener\" target=\"_blank\">#TeamOM<\/a><\/p>\n<p>\ud83c\udfa5 <a href=\"https:\/\/twitter.com\/Carmela13family?ref_src=twsrc%5Etfw\" rel=\"nofollow noopener\" target=\"_blank\">@Carmela13family<\/a> <a href=\"https:\/\/t.co\/hq1jznw9vp\" rel=\"nofollow\">pic.twitter.com\/hq1jznw9vp<\/a><\/p>\n<p>\u2014 \u00c9dition Marseille (@EditoMarseille) <a href=\"https:\/\/twitter.com\/EditoMarseille\/status\/1965722498206740904?ref_src=twsrc%5Etfw\" rel=\"nofollow noopener\" target=\"_blank\">September 10, 2025<\/a><\/p>\n<\/blockquote>\n<p>            <script async src=\"https:\/\/platform.twitter.com\/widgets.js\" charset=\"utf-8\"><\/script><\/p>\n","protected":false},"excerpt":{"rendered":"Pourtant, c\u2019est bien Benjamin Pavard,\u00a0 recrue phare du mercato estival de l\u2019OM, qui a pos\u00e9 ses valises \u00e0&hellip;\n","protected":false},"author":2,"featured_media":380338,"comment_status":"","ping_status":"","sticky":false,"template":"","format":"standard","meta":{"footnotes":""},"categories":[1410],"tags":[63,1011,27,60],"class_list":{"0":"post-380337","1":"post","2":"type-post","3":"status-publish","4":"format-standard","5":"has-post-thumbnail","7":"category-football","8":"tag-football","9":"tag-fr","10":"tag-france","11":"tag-sports"},"share_on_mastodon":{"url":"https:\/\/pubeurope.com\/@fr\/115180225469875176","error":""},"_links":{"self":[{"href":"https:\/\/www.europesays.com\/fr\/wp-json\/wp\/v2\/posts\/380337","targetHints":{"allow":["GET"]}}],"collection":[{"href":"https:\/\/www.europesays.com\/fr\/wp-json\/wp\/v2\/posts"}],"about":[{"href":"https:\/\/www.europesays.com\/fr\/wp-json\/wp\/v2\/types\/post"}],"author":[{"embeddable":true,"href":"https:\/\/www.europesays.com\/fr\/wp-json\/wp\/v2\/users\/2"}],"replies":[{"embeddable":true,"href":"https:\/\/www.europesays.com\/fr\/wp-json\/wp\/v2\/comments?post=380337"}],"version-history":[{"count":0,"href":"https:\/\/www.europesays.com\/fr\/wp-json\/wp\/v2\/posts\/380337\/revisions"}],"wp:featuredmedia":[{"embeddable":true,"href":"https:\/\/www.europesays.com\/fr\/wp-json\/wp\/v2\/media\/380338"}],"wp:attachment":[{"href":"https:\/\/www.europesays.com\/fr\/wp-json\/wp\/v2\/media?parent=380337"}],"wp:term":[{"taxonomy":"category","embeddable":true,"href":"https:\/\/www.europesays.com\/fr\/wp-json\/wp\/v2\/categories?post=380337"},{"taxonomy":"post_tag","embeddable":true,"href":"https:\/\/www.europesays.com\/fr\/wp-json\/wp\/v2\/tags?post=380337"}],"curies":[{"name":"wp","href":"https:\/\/api.w.org\/{rel}","templated":true}]}}