{"id":380339,"date":"2025-09-10T13:25:12","date_gmt":"2025-09-10T13:25:12","guid":{"rendered":"https:\/\/www.europesays.com\/fr\/380339\/"},"modified":"2025-09-10T13:25:12","modified_gmt":"2025-09-10T13:25:12","slug":"clement-vandenkerckhove-ce-fils-cache-que-vient-de-reconnaitre-officiellement-laurent-de-belgique","status":"publish","type":"post","link":"https:\/\/www.europesays.com\/fr\/380339\/","title":{"rendered":"Cl\u00e9ment Vandenkerckhove, ce fils cach\u00e9 que vient de reconna\u00eetre officiellement Laurent de Belgique"},"content":{"rendered":"<p>Apr\u00e8s des ann\u00e9es de rumeur, le fr\u00e8re du roi Philippe de Belgique a reconnu officiellement \u00eatre le p\u00e8re biologique de Cl\u00e9ment, 25 ans, issu de sa relation controvers\u00e9e avec l\u2019ex-mannequin et chanteuse flamande Iris Vandenkerckhove.<\/p>\n<p class=\"fig-paragraph\">Comme un air de d\u00e9j\u00e0-vu au sein de la famille royale belge. En 2020, apr\u00e8s une longue proc\u00e9dure judiciaire et un test ADN forc\u00e9, l\u2019ex-roi des Belges Albert II admettait \u00eatre le p\u00e8re biologique d\u2019une fille n\u00e9e hors mariage,\u00a0<a href=\"http:\/\/madame.lefigaro.fr\/celebrites\/actu-people\/embarrassante-une-lettre-de-delphine-de-belgique-fille-illegitime-du-roi-albert-fuite-dans-la-presse-20231212\" data-fig-type=\"Article\" data-gtm-custom-categorie=\"navigation\" data-gtm-custom-action=\"crossclick\" data-gtm-custom-label=\"Contextuel\" data-gtm-event=\"customEventSPE\" data-fig-domain=\"MADAME\" rel=\"nofollow noopener\" target=\"_blank\">Delphine Bo\u00ebl<\/a>, n\u00e9e en 1968. Cinq ans plus tard, l\u2019histoire se r\u00e9p\u00e8te. Le 9 septembre, c\u2019est le fr\u00e8re du monarque, le prince Laurent de Belgique a reconnu son fils cach\u00e9, Cl\u00e9ment, n\u00e9 de son union controvers\u00e9e avec l\u2019ex-mannequin et chanteuse flamande Iris Vandenkerckhove, plus connue sous le nom de Wendy Van Wanten pour avoir particip\u00e9 \u00e0 diverses \u00e9missions de t\u00e9l\u00e9r\u00e9alit\u00e9 dans le pays.<\/p>\n<p class=\"fig-paragraph\">\u00abAvec ce message, je reconnais que je suis le p\u00e8re biologique de Cl\u00e9ment Vandenkerckhove, a d\u00e9clar\u00e9 le fr\u00e8re rebelle du roi des Belges dans un communiqu\u00e9 envoy\u00e9 \u00e0 toutes les agences de presse du pays. Nous en avons parl\u00e9 ouvertement et honn\u00eatement au cours des derni\u00e8res ann\u00e9es. Cette annonce est le r\u00e9sultat d\u2019une concertation mutuelle.\u00bb<\/p>\n<p class=\"fig-body-link&#10;    \">\n            \u00c0 lire aussi<br \/>\n        <a class=\"fig-body-link__link\" href=\"https:\/\/madame.lefigaro.fr\/societe\/lheure-de-la-reconciliation-la-princesse-de-belgique-rencontre-son-pere-albert-ii-apres-leur-proces-271020-183192\" data-fig-type=\"Article\" data-gtm-custom-categorie=\"navigation\" data-gtm-custom-action=\"crossclick\" data-gtm-custom-label=\"Contextuel\" data-gtm-event=\"customEventSPE\" data-fig-domain=\"MADAME\" rel=\"nofollow noopener\" target=\"_blank\">Le temps du pardon\u00a0: la rencontre apais\u00e9e entre Delphine Bo\u00ebl et son p\u00e8re, l&rsquo;ex-roi Albert II<\/a>\n<\/p>\n<p>                                    <a class=\"fig-a11y-skip a11y-hidden\" href=\"#fig-a11y-skip-main-inarticle\"><br \/>\n        Passer la publicit\u00e9<br \/>\n    <\/a><\/p>\n<p class=\"fig-paragraph\">Cette reconnaissance intervient apr\u00e8s 25 ans de sp\u00e9culations, et alors m\u00eame que le fr\u00e8re du roi Philippe avait ni\u00e9 les faits en 2021 dans l\u2019\u00e9mission Het Huis sur la VRT, cha\u00eene nationale belge. \u00abJe ne ferai pas d\u2019autres d\u00e9clarations ni ne donnerai d\u2019autres explications\u00bb, a-t-il ajout\u00e9 ce mardi dans son bref et laconique communiqu\u00e9.<\/p>\n<p>Une relation controvers\u00e9e<\/p>\n<p class=\"fig-paragraph\">Dans les ann\u00e9es 1990, la relation entre le prince Laurent et Iris Vandenkerckhove avait fait couler beaucoup d\u2019encre. Le roi Albert II avait lui-m\u00eame mis fin \u00e0 cette romance qu\u2019il avait alors jug\u00e9e \u00abinappropri\u00e9e\u00bb. Le prince a toutefois \u00e9t\u00e9 impliqu\u00e9 dans la grossesse jusqu\u2019\u00e0 son terme, selon les propos de la m\u00e8re de l\u2019enfant cach\u00e9,\u00a0<a href=\"https:\/\/vtm.be\/zoon-wendy-van-wanten-praat-over-vader-prins-laurent-bij-vtm~v498e0ad4-aa7b-43ba-bbad-464c01d5db7e?referrer=https%3A%2F%2Fwww.lavoixdunord.fr%2F\" target=\"_blank\" rel=\"sponsored noopener nofollow\" data-gtm-custom-categorie=\"navigation\" data-gtm-custom-action=\"crossclick\" data-gtm-custom-label=\"Contextuel\" data-gtm-event=\"customEventSPE\">diffus\u00e9s par la cha\u00eene VTM dans un documentaire<\/a>\u00a0ce mardi soir. \u00abCl\u00e9ment est donc vraiment n\u00e9 d\u2019un amour sinc\u00e8re. Il n\u2019\u00e9tait certainement pas non d\u00e9sir\u00e9, car j\u2019ai v\u00e9cu beaucoup de beaux moments pendant ma grossesse\u00bb, a-t-elle notamment d\u00e9clar\u00e9.<\/p>\n<p class=\"fig-paragraph\">Bien des ann\u00e9es plus tard, le prince a rencontr\u00e9 la princesse Claire, qu\u2019il a \u00e9pous\u00e9e le 12 avril 2003. Ils partagent aujourd\u2019hui trois enfants\u00a0: Louise, n\u00e9e en 2004 et Nicolas et Aymeric, n\u00e9s en 2005.<\/p>\n<p>\u00abMon p\u00e8re n\u2019a rien fait de mal\u00bb<\/p>\n<p class=\"fig-paragraph\">\u00c0 25 ans, Cl\u00e9ment Vandenkerckhove devient donc officiellement son fils a\u00een\u00e9. Depuis sa naissance en 2000, de nombreuses rumeurs circulaient au sujet de sa paternit\u00e9. D\u2019abord parce que les dates de la liaison entre le prince et l\u2019actrice concordaient, mais surtout en raison du nom donn\u00e9 au jeune gar\u00e7on, tr\u00e8s similaire \u00e0 la villa du prince Laurent baptis\u00e9e \u00abCl\u00e9mentine\u00bb.<\/p>\n<p class=\"fig-paragraph\">Il semble aujourd\u2019hui ne pas en vouloir \u00e0 son p\u00e8re. \u00abMon p\u00e8re n\u2019a rien fait de mal, ma m\u00e8re n\u2019a rien fait de mal. Je veux pouvoir vivre normalement et ne pas avoir \u00e0 entendre sans cesse\u00a0: \u201cTu sais vraiment qui est ton p\u00e8re\u00a0?\u201d (\u2026) Je veux que \u00e7a soit derri\u00e8re moi\u00bb, a-t-il d\u00e9clar\u00e9 dans le documentaire diffus\u00e9 ce mardi soir. Comme Delphine de Belgique, prendra-t-il d\u00e9sormais une place au sein de la famille royale belge\u00a0?<\/p>\n","protected":false},"excerpt":{"rendered":"Apr\u00e8s des ann\u00e9es de rumeur, le fr\u00e8re du roi Philippe de Belgique a reconnu officiellement \u00eatre le p\u00e8re&hellip;\n","protected":false},"author":2,"featured_media":380340,"comment_status":"","ping_status":"","sticky":false,"template":"","format":"standard","meta":{"footnotes":""},"categories":[1359],"tags":[970,828,58,59,1011,27,973,971],"class_list":{"0":"post-380339","1":"post","2":"type-post","3":"status-publish","4":"format-standard","5":"has-post-thumbnail","7":"category-people","8":"tag-aristo-co","9":"tag-belgique","10":"tag-divertissement","11":"tag-entertainment","12":"tag-fr","13":"tag-france","14":"tag-people","15":"tag-royaute"},"share_on_mastodon":{"url":"https:\/\/pubeurope.com\/@fr\/115180229484893342","error":""},"_links":{"self":[{"href":"https:\/\/www.europesays.com\/fr\/wp-json\/wp\/v2\/posts\/380339","targetHints":{"allow":["GET"]}}],"collection":[{"href":"https:\/\/www.europesays.com\/fr\/wp-json\/wp\/v2\/posts"}],"about":[{"href":"https:\/\/www.europesays.com\/fr\/wp-json\/wp\/v2\/types\/post"}],"author":[{"embeddable":true,"href":"https:\/\/www.europesays.com\/fr\/wp-json\/wp\/v2\/users\/2"}],"replies":[{"embeddable":true,"href":"https:\/\/www.europesays.com\/fr\/wp-json\/wp\/v2\/comments?post=380339"}],"version-history":[{"count":0,"href":"https:\/\/www.europesays.com\/fr\/wp-json\/wp\/v2\/posts\/380339\/revisions"}],"wp:featuredmedia":[{"embeddable":true,"href":"https:\/\/www.europesays.com\/fr\/wp-json\/wp\/v2\/media\/380340"}],"wp:attachment":[{"href":"https:\/\/www.europesays.com\/fr\/wp-json\/wp\/v2\/media?parent=380339"}],"wp:term":[{"taxonomy":"category","embeddable":true,"href":"https:\/\/www.europesays.com\/fr\/wp-json\/wp\/v2\/categories?post=380339"},{"taxonomy":"post_tag","embeddable":true,"href":"https:\/\/www.europesays.com\/fr\/wp-json\/wp\/v2\/tags?post=380339"}],"curies":[{"name":"wp","href":"https:\/\/api.w.org\/{rel}","templated":true}]}}