{"id":38034,"date":"2025-04-20T04:51:08","date_gmt":"2025-04-20T04:51:08","guid":{"rendered":"https:\/\/www.europesays.com\/fr\/38034\/"},"modified":"2025-04-20T04:51:08","modified_gmt":"2025-04-20T04:51:08","slug":"qui-pierre-hurmic-doit-il-craindre-le-plus-pour-sa-reelection-a-bordeaux-ce-sondage-livre-quelques-surprises","status":"publish","type":"post","link":"https:\/\/www.europesays.com\/fr\/38034\/","title":{"rendered":"Qui Pierre Hurmic doit-il craindre le plus pour sa r\u00e9\u00e9lection \u00e0 Bordeaux ? Ce sondage livre quelques surprises"},"content":{"rendered":"<p>            Par<br \/>\n        <strong><br \/>\n            <a href=\"https:\/\/actu.fr\/auteur\/sports33\" title=\"Consulter tous les articles de Nicolas Gosselin\" target=\"_blank\" rel=\"noopener\">Nicolas Gosselin<\/a><br \/>\n        <\/strong><\/p>\n<p>        Publi\u00e9 le<\/p>\n<p>            19 avr. 2025 \u00e0 17h42        <\/p>\n<p>Les <a href=\"https:\/\/actu.fr\/tag\/municipales-2026\" target=\"_blank\" rel=\"noopener\">\u00e9lections municipales<\/a> ont lieu dans moins d\u2019un an et un <strong>premier sondage<\/strong> vient de sortir pour donner les<strong> intentions de vote \u00e0 Bordeaux<\/strong>. Command\u00e9e \u00e0 l\u2019Ifop par <a href=\"https:\/\/actu.fr\/tag\/renaissance-ex-lrem\" target=\"_blank\" rel=\"noopener\">Renaissance<\/a>, cette enqu\u00eate r\u00e9alis\u00e9e du 31 mars au 9 avril 2025 donne vainqueur le maire sortant \u00e0 ce prochain scrutin mais<strong> Thomas Cazenave<\/strong> \u2013 du parti Renaissance justement \u2013 talonne de tr\u00e8s pr\u00e8s <a href=\"https:\/\/actu.fr\/tag\/pierre-hurmic\" target=\"_blank\" rel=\"noopener\">Pierre Hurmic<\/a>. Un r\u00e9sultat quelque peu inattendu.<\/p>\n<p class=\" wall-content\">Dans l\u2019hypoth\u00e8se o\u00f9 l\u2019ancien ministre charg\u00e9 des Comptes publics serait d\u00e9sign\u00e9 comme t\u00eate de liste de l\u2019union de la droite et du centre, il est <strong>cr\u00e9dit\u00e9 de 32 %<\/strong> contre <strong>35 % pour Hurmic<\/strong> dans cette \u00e9tude effectu\u00e9e sur un \u00e9chantillon repr\u00e9sentatif de 703 Bordelais.<\/p>\n<p>\u00ab\u00a0La mari\u00e9e est presque trop belle\u00a0\u00bb<\/p>\n<p class=\" wall-content\">\u00ab\u00a0Je suis surpris de le voir aussi proche. Quand vous voyez le commanditaire du sondage et que tous les voyants sont au vert pour Cazenave, <strong>la mari\u00e9e est presque trop belle\u00a0\u00bb<\/strong>, commente le politologue Jean Petaux aupr\u00e8s d\u2019<a href=\"https:\/\/actu.fr\/bordeaux\/\" target=\"_blank\" rel=\"noopener\">actu Bordeaux<\/a>.<\/p>\n<p class=\" wall-content\">Derri\u00e8re, une liste conduite par <a href=\"https:\/\/actu.fr\/tag\/philippe-poutou\" target=\"_blank\" rel=\"noopener\">Philippe Poutou<\/a>, soutenue par LFI et le NPA, appara\u00eet avec 16 %. C\u2019est plus encore qu\u2019en 2020 o\u00f9 l\u2019ancien candidat \u00e0 la pr\u00e9sidentielle s\u2019\u00e9tait qualifi\u00e9 de justesse au second tour.<\/p>\n<p>\u00ab\u00a0Philippe Poutou b\u00e9n\u00e9ficie d\u2019une surcote sondagi\u00e8re\u00a0\u00bb<\/p>\n<p class=\" wall-content\">\u00ab\u00a0Il me para\u00eet tr\u00e8s haut. Ce genre de candidat b\u00e9n\u00e9ficie d\u2019une forme de<strong> surcote sondagi\u00e8re<\/strong> ; surtout quand l\u2019\u00e9ch\u00e9ance est \u00e9loign\u00e9e. \u00c7a n\u2019engage \u00e0 rien de dire qu\u2019on vote pour un <strong>candidat antisyst\u00e8me\u00a0\u00bb<\/strong>, imagine l\u2019expert politique, qui tente un parall\u00e8le avec <a href=\"https:\/\/www.ina.fr\/ina-eclaire-actu\/video\/cab8100629401\/coluche-retrait-de-candidature\" target=\"_blank\" rel=\"noopener\">la candidature de Coluche<\/a> \u00e0 l\u2019\u00e9lection pr\u00e9sidentielle de 1981.<\/p>\n<p class=\" wall-content\">Enfin, le sondage annonce le <a href=\"https:\/\/actu.fr\/tag\/rassemblement-national-rn\" target=\"_blank\" rel=\"noopener\">Rassemblement national<\/a> comme qualifi\u00e9 aussi au second tour, avec 10 % d\u2019intentions de vote, sachant que l\u2019Ifop \u00e9voque une liste soutenue par Bruno Paluteau ; ce qui <a href=\"https:\/\/actu.fr\/nouvelle-aquitaine\/bordeaux_33063\/municipales-a-bordeaux-le-rn-exclut-une-candidature-de-temoignage-mais-garde-le-secret-de-sa-tete-de-liste_62448242.html\" target=\"_blank\" rel=\"noopener\">ne devrait pas \u00eatre le cas selon nos informations<\/a>. Derri\u00e8re, on retrouve Virginie Tournay (Reconqu\u00eate) avec 5 % et Myriam Eckert (extr\u00eame gauche) avec 2 %. Il faut noter que certains candidats potentiels, comme <a href=\"https:\/\/actu.fr\/nouvelle-aquitaine\/bordeaux_33063\/pascal-jarty-candidat-dechu-a-la-mairie-a-bordeaux-pierre-hurmic-m-a-pique-des-idees_62225430.html\" target=\"_blank\" rel=\"noopener\">Pascal Jarty<\/a>, n\u2019ont pas \u00e9t\u00e9 pris en compte.<\/p>\n<p class=\" wall-content\">Mais l\u2019enqu\u00eate de l\u2019Ifop s\u2019est aussi int\u00e9ress\u00e9e \u00e0 un second sc\u00e9nario : celui o\u00f9 la liste soutenue par Renaissance, le Modem, Horizons et Les R\u00e9publicains serait port\u00e9e par <strong>Nathalie Delattre<\/strong>, <a href=\"https:\/\/actu.fr\/nouvelle-aquitaine\/bordeaux_33063\/apres-la-mort-de-nicolas-florian-la-droite-bordelaise-se-reorganise-et-change-de-presidence_62258071.html\" target=\"_blank\" rel=\"noopener\">la candidate privil\u00e9gi\u00e9e<\/a> par le camp de <a href=\"https:\/\/actu.fr\/nouvelle-aquitaine\/bordeaux_33063\/obseques-de-nicolas-florian-suivez-l-hommage-public-rendu-a-l-ancien-maire-de-bordeaux_62190324.html\" target=\"_blank\" rel=\"noopener\">l\u2019ancien maire d\u00e9funt Nicolas Florian<\/a>.<\/p>\n<p>Nathalie Delattre, grande perdante de ce sondage<\/p>\n<p class=\" wall-content\">Et dans ce cas de figure, Pierre Hurmic ferait le trou sur ses adversaires avec 38 % d\u2019intentions de vote au premier tour contre 29 % pour l\u2019actuelle ministre d\u00e9l\u00e9gu\u00e9e en charge du Tourisme. Un<strong> mauvais enseignement<\/strong> pour la conseill\u00e8re municipale d\u2019opposition, qui a \u00e9t\u00e9 maire adjointe sous <a href=\"https:\/\/actu.fr\/tag\/alain-juppe\" target=\"_blank\" rel=\"noopener\">Alain Jupp\u00e9<\/a>.<\/p>\n<p class=\" wall-content\">Avec cette option, les autres candidats feraient le m\u00eame score \u00e0 un point pr\u00e8s. Les deux listes d\u2019extr\u00eame gauche cumuleraient toujours 18 % et celles d\u2019extr\u00eame droite, 15 %. Grosso modo, seul Pierre Hurmic en sortirait clairement gagnant.<\/p>\n<p class=\" wall-content\">\u00ab\u00a0Tout dans le sondage va dans le sens de Thomas Cazenave, analyse Jean Petaux. Apr\u00e8s, \u00e0 mon sens, m\u00eame si je ne remets pas en cause la qualit\u00e9 technique du sondage, il me semble <strong>bien trop pr\u00e9matur\u00e9<\/strong> pour avoir une \u00e9valuation pr\u00e9cise des forces en pr\u00e9sence.\u00a0\u00bb<\/p>\n<p class=\" wall-content\">De plus, il faut pr\u00e9ciser que l\u2019\u00e9chantillon de 703 personnes laisse <strong>\u00ab\u00a0une marge d\u2019erreur\u00a0\u00bb<\/strong> relativement \u00e9lev\u00e9e, de l\u2019ordre de trois points environ. \u00ab\u00a0Les enseignements que cette \u00e9tude indique refl\u00e8tent un \u00e9tat de l\u2019opinion \u00e0 l\u2019instant de sa r\u00e9alisation et non <strong>pas une pr\u00e9diction\u00a0\u00bb<\/strong>, pr\u00e9cise l\u2019Ifop.<\/p>\n<p class=\" wall-content\">Suivez toute l\u2019actualit\u00e9 de vos villes et m\u00e9dias favoris en vous inscrivant \u00e0 <a href=\"https:\/\/moncompte.actu.fr\" title=\"D\u00e9couvez Mon Actu\" rel=\"nofollow noopener\" data-trk=\"{&quot;cta&quot;:{&quot;action&quot;:&quot;https:\\\/\\\/moncompte.actu.fr&quot;,&quot;category&quot;:&quot;mon compte&quot;,&quot;from&quot;:&quot;article footer&quot;,&quot;name&quot;:&quot;Mon actu&quot;,&quot;type&quot;:&quot;cta&quot;}}\" target=\"_blank\">Mon Actu<\/a>.<\/p>\n","protected":false},"excerpt":{"rendered":"Par Nicolas Gosselin Publi\u00e9 le 19 avr. 2025 \u00e0 17h42 Les \u00e9lections municipales ont lieu dans moins d\u2019un&hellip;\n","protected":false},"author":2,"featured_media":38035,"comment_status":"","ping_status":"","sticky":false,"template":"","format":"standard","meta":{"footnotes":""},"categories":[2817],"tags":[1111,11,1997,4188,1777,674,1011,27,3434,12,2219,4860,316,25,11243],"class_list":{"0":"post-38034","1":"post","2":"type-post","3":"status-publish","4":"format-standard","5":"has-post-thumbnail","7":"category-bordeaux","8":"tag-actu","9":"tag-actualites","10":"tag-bordeaux","11":"tag-elections-municipales","12":"tag-eu","13":"tag-europe","14":"tag-fr","15":"tag-france","16":"tag-municipales-2026","17":"tag-news","18":"tag-nouvelle-aquitaine","19":"tag-pierre-hurmic","20":"tag-politique","21":"tag-republique-francaise","22":"tag-sondages"},"share_on_mastodon":{"url":"https:\/\/pubeurope.com\/@fr\/114368497851707498","error":""},"_links":{"self":[{"href":"https:\/\/www.europesays.com\/fr\/wp-json\/wp\/v2\/posts\/38034","targetHints":{"allow":["GET"]}}],"collection":[{"href":"https:\/\/www.europesays.com\/fr\/wp-json\/wp\/v2\/posts"}],"about":[{"href":"https:\/\/www.europesays.com\/fr\/wp-json\/wp\/v2\/types\/post"}],"author":[{"embeddable":true,"href":"https:\/\/www.europesays.com\/fr\/wp-json\/wp\/v2\/users\/2"}],"replies":[{"embeddable":true,"href":"https:\/\/www.europesays.com\/fr\/wp-json\/wp\/v2\/comments?post=38034"}],"version-history":[{"count":0,"href":"https:\/\/www.europesays.com\/fr\/wp-json\/wp\/v2\/posts\/38034\/revisions"}],"wp:featuredmedia":[{"embeddable":true,"href":"https:\/\/www.europesays.com\/fr\/wp-json\/wp\/v2\/media\/38035"}],"wp:attachment":[{"href":"https:\/\/www.europesays.com\/fr\/wp-json\/wp\/v2\/media?parent=38034"}],"wp:term":[{"taxonomy":"category","embeddable":true,"href":"https:\/\/www.europesays.com\/fr\/wp-json\/wp\/v2\/categories?post=38034"},{"taxonomy":"post_tag","embeddable":true,"href":"https:\/\/www.europesays.com\/fr\/wp-json\/wp\/v2\/tags?post=38034"}],"curies":[{"name":"wp","href":"https:\/\/api.w.org\/{rel}","templated":true}]}}