{"id":380343,"date":"2025-09-10T13:27:13","date_gmt":"2025-09-10T13:27:13","guid":{"rendered":"https:\/\/www.europesays.com\/fr\/380343\/"},"modified":"2025-09-10T13:27:13","modified_gmt":"2025-09-10T13:27:13","slug":"chevigny-saint-sauveur-environ-7-500-livres-proposes-a-tres-bas-prix-a-la-visitation","status":"publish","type":"post","link":"https:\/\/www.europesays.com\/fr\/380343\/","title":{"rendered":"Chevigny-Saint-Sauveur. Environ 7\u00a0500\u00a0livres propos\u00e9s \u00e0 tr\u00e8s bas prix \u00e0 la Visitation"},"content":{"rendered":"<p>La paroisse de l\u2019\u00e9glise de la Visitation \u00e0 Chevigny-Saint-Sauveur organise sa 19e\u00a0 Foire aux livres, samedi 13\u00a0septembre de 14 \u00e0 18 heures et dimanche 14\u00a0septembre de 11\u00a0h\u00a045 \u00e0 18\u00a0heures. Depuis lundi 1er\u00a0 septembre, les b\u00e9n\u00e9voles s\u2019affairent pour transformer la salle Notre-Dame en biblioth\u00e8que \u00e9ph\u00e9m\u00e8re.<\/p>\n<p>\u00ab\u00a0Avec la quinzaine de b\u00e9n\u00e9voles, nous avons collect\u00e9 et tri\u00e9 7\u00a0500\u00a0livres en parfait \u00e9tat\u00a0\u00bb, confie Annie Lienard, paroissienne de la Visitation et une des responsables de l\u2019organisation de la Foire aux livres. Qui confirme\u00a0: \u00ab\u00a0Pendant plus de dix jours, nous transformons la salle Notre-Dame en biblioth\u00e8que \u2013 j\u2019ai moi-m\u00eame \u00e9t\u00e9 biblioth\u00e9caire pendant 20\u00a0ans \u00e0 la biblioth\u00e8que de C\u00f4te-d\u2019Or. Il y en aura de tous les genres\u00a0: jeunesse, adultes, documentaires, romans\u2026\u00a0\u00bb<\/p>\n<p>Les ouvrages sont essentiellement des dons, vendus \u00e0 petits prix\u00a0; des magazines seront par exemple vendus par cinq au prix de 1\u00a0\u20ac.<\/p>\n","protected":false},"excerpt":{"rendered":"La paroisse de l\u2019\u00e9glise de la Visitation \u00e0 Chevigny-Saint-Sauveur organise sa 19e\u00a0 Foire aux livres, samedi 13\u00a0septembre de&hellip;\n","protected":false},"author":2,"featured_media":380344,"comment_status":"","ping_status":"","sticky":false,"template":"","format":"standard","meta":{"footnotes":""},"categories":[1357],"tags":[1379,51383,41233,1687,58,8588,59,107,1685,1011,27,1380],"class_list":{"0":"post-380343","1":"post","2":"type-post","3":"status-publish","4":"format-standard","5":"has-post-thumbnail","7":"category-livres","8":"tag-books","9":"tag-chevigny-saint-sauveur","10":"tag-chevigny-saint-sauveur-bassin","11":"tag-culture-loisirs","12":"tag-divertissement","13":"tag-edition-dijon-et-son-agglomeration","14":"tag-entertainment","15":"tag-fil-info","16":"tag-foire-et-salon","17":"tag-fr","18":"tag-france","19":"tag-livres"},"share_on_mastodon":{"url":"https:\/\/pubeurope.com\/@fr\/115180237226637757","error":""},"_links":{"self":[{"href":"https:\/\/www.europesays.com\/fr\/wp-json\/wp\/v2\/posts\/380343","targetHints":{"allow":["GET"]}}],"collection":[{"href":"https:\/\/www.europesays.com\/fr\/wp-json\/wp\/v2\/posts"}],"about":[{"href":"https:\/\/www.europesays.com\/fr\/wp-json\/wp\/v2\/types\/post"}],"author":[{"embeddable":true,"href":"https:\/\/www.europesays.com\/fr\/wp-json\/wp\/v2\/users\/2"}],"replies":[{"embeddable":true,"href":"https:\/\/www.europesays.com\/fr\/wp-json\/wp\/v2\/comments?post=380343"}],"version-history":[{"count":0,"href":"https:\/\/www.europesays.com\/fr\/wp-json\/wp\/v2\/posts\/380343\/revisions"}],"wp:featuredmedia":[{"embeddable":true,"href":"https:\/\/www.europesays.com\/fr\/wp-json\/wp\/v2\/media\/380344"}],"wp:attachment":[{"href":"https:\/\/www.europesays.com\/fr\/wp-json\/wp\/v2\/media?parent=380343"}],"wp:term":[{"taxonomy":"category","embeddable":true,"href":"https:\/\/www.europesays.com\/fr\/wp-json\/wp\/v2\/categories?post=380343"},{"taxonomy":"post_tag","embeddable":true,"href":"https:\/\/www.europesays.com\/fr\/wp-json\/wp\/v2\/tags?post=380343"}],"curies":[{"name":"wp","href":"https:\/\/api.w.org\/{rel}","templated":true}]}}