{"id":380345,"date":"2025-09-10T13:28:10","date_gmt":"2025-09-10T13:28:10","guid":{"rendered":"https:\/\/www.europesays.com\/fr\/380345\/"},"modified":"2025-09-10T13:28:10","modified_gmt":"2025-09-10T13:28:10","slug":"laurent-wauquiez-reagit-ce-matin-sur-cnews-a-laffaire-patrick-cohen-thomas-legrand-je-nai-pas-oublie-ce-qui-a-ete-fait-a-cyril-hanouna-et-a-c8-jattends-de-voir-la-ce-qui-sera-fait-video","status":"publish","type":"post","link":"https:\/\/www.europesays.com\/fr\/380345\/","title":{"rendered":"Laurent Wauquiez r\u00e9agit ce matin sur CNews \u00e0 l&rsquo;affaire Patrick Cohen\/Thomas Legrand: \u00ab\u00a0Je n&rsquo;ai pas oubli\u00e9 ce qui a \u00e9t\u00e9 fait \u00e0 Cyril Hanouna et \u00e0 C8. J&rsquo;attends de voir l\u00e0 ce qui sera fait\u00a0\u00bb &#8211; VIDEO"},"content":{"rendered":"<p>Ce matin, Laurent Wauquiez \u00e9tait l\u2019invit\u00e9 de Sonia Mabrouk dans la matinale de CNews. Au cours de l\u2019interview, le pr\u00e9sident du groupe LR \u00e0 l\u2019Assembl\u00e9e nationale a r\u00e9agi \u00e0 l\u2019affaire Thomas Legrand\/Patrick Cohen.<\/p>\n<p>La journaliste a rappel\u00e9 que, quand Laurent Wauquiez avait \u00e9t\u00e9 enregistr\u00e9 \u00e0 son insu en f\u00e9vrier 2018 lors d\u2019un cours dispens\u00e9 \u00e0 l\u2019EM Lyon, Patrick Cohen justifiait les m\u00e9thodes.<\/p>\n<p>\u00ab\u00a0Quel \u00e9trange personnage ! Deux poids, deux mesures. Quand j&rsquo;avais \u00e9t\u00e9 enregistr\u00e9 \u00e0 mon insu de fa\u00e7on dissimul\u00e9, il avait expliqu\u00e9 que c&rsquo;\u00e9tait tout \u00e0 fait naturel et normal. Maintenant, quand \u00e7a le touche, il dit &lsquo;quelle indignit\u00e9'\u00a0\u00bb, a-t-il d\u00e9but\u00e9.<\/p>\n<p>Et d&rsquo;ajouter : \u00ab\u00a0Pour moi, c&rsquo;est tr\u00e8s r\u00e9v\u00e9lateur de ce qu&rsquo;il est. Je n&rsquo;ai jamais voulu participer \u00e0 des interviews avec lui. Je veux que dans le service public, il y ait du pluralisme. Je pense que, quand on est de droite et que l&rsquo;on d\u00e9fend nos id\u00e9es, il faut aller y compris o\u00f9 c&rsquo;est pas facile\u00a0\u00bb.<\/p>\n<p>\u00ab\u00a0Il y a des limites au deux poids, deux mesures. Je n&rsquo;ai pas oubli\u00e9 ce qui a \u00e9t\u00e9 fait \u00e0 Cyril Hanouna, je n&rsquo;ai pas oubli\u00e9 la fa\u00e7on dont on a fait fermer son \u00e9mission et son antenne, C8. J&rsquo;attends de voir l\u00e0 ce qui sera fait. Le service public, \u00e7a doit \u00eatre le pluralisme. Ce comportement a port\u00e9 atteinte \u00e0 ce qui est normalement le service public qui est financ\u00e9 par nos imp\u00f4ts et donc il y a des limites\u00a0\u00bb.<\/p>\n<p>Dans une vid\u00e9o diffus\u00e9e vendredi dernier par le m\u00e9dia L&rsquo;Incorrect et film\u00e9e en juillet dans un restaurant parisien, ces deux journalistes \u00e9changent avec Pierre Jouvet et Luc Broussy, respectivement secr\u00e9taire g\u00e9n\u00e9ral et pr\u00e9sident du conseil national du PS.<\/p>\n<p>Au cours de cette discussion, o\u00f9 est aussi \u00e9voqu\u00e9e la strat\u00e9gie de la gauche en vue de la pr\u00e9sidentielle de 2027, M. Legrand, qui travaille pour France Inter et Lib\u00e9ration, d\u00e9clare notamment : \u00ab\u00a0Nous, on fait ce qu&rsquo;il faut pour (Rachida) Dati, Patrick (Cohen) et moi\u00a0\u00bb, ce qui a pu \u00eatre interpr\u00e9t\u00e9 comme un parti pris \u00e0 l&rsquo;encontre de la ministre de la Culture.<\/p>\n<p>Dans un message publi\u00e9 sur X vendredi soir, Mme Dati, investie comme candidate des R\u00e9publicains \u00e0 la mairie de Paris, d\u00e9nonc\u00e9 des \u00ab\u00a0propos graves et contraires \u00e0 la d\u00e9ontologie\u00a0\u00bb.<\/p>\n<p>\u00a0<\/p>\n","protected":false},"excerpt":{"rendered":"Ce matin, Laurent Wauquiez \u00e9tait l\u2019invit\u00e9 de Sonia Mabrouk dans la matinale de CNews. Au cours de l\u2019interview,&hellip;\n","protected":false},"author":2,"featured_media":380346,"comment_status":"","ping_status":"","sticky":false,"template":"","format":"standard","meta":{"footnotes":""},"categories":[1356],"tags":[7278,1083,58,59,1011,27,5639,252,50571,1364],"class_list":{"0":"post-380345","1":"post","2":"type-post","3":"status-publish","4":"format-standard","5":"has-post-thumbnail","7":"category-television","8":"tag-c8","9":"tag-cyril-hanouna","10":"tag-divertissement","11":"tag-entertainment","12":"tag-fr","13":"tag-france","14":"tag-laurent-wauquiez","15":"tag-television","16":"tag-thomas-legrand","17":"tag-tv"},"share_on_mastodon":{"url":"https:\/\/pubeurope.com\/@fr\/115180241182192849","error":""},"_links":{"self":[{"href":"https:\/\/www.europesays.com\/fr\/wp-json\/wp\/v2\/posts\/380345","targetHints":{"allow":["GET"]}}],"collection":[{"href":"https:\/\/www.europesays.com\/fr\/wp-json\/wp\/v2\/posts"}],"about":[{"href":"https:\/\/www.europesays.com\/fr\/wp-json\/wp\/v2\/types\/post"}],"author":[{"embeddable":true,"href":"https:\/\/www.europesays.com\/fr\/wp-json\/wp\/v2\/users\/2"}],"replies":[{"embeddable":true,"href":"https:\/\/www.europesays.com\/fr\/wp-json\/wp\/v2\/comments?post=380345"}],"version-history":[{"count":0,"href":"https:\/\/www.europesays.com\/fr\/wp-json\/wp\/v2\/posts\/380345\/revisions"}],"wp:featuredmedia":[{"embeddable":true,"href":"https:\/\/www.europesays.com\/fr\/wp-json\/wp\/v2\/media\/380346"}],"wp:attachment":[{"href":"https:\/\/www.europesays.com\/fr\/wp-json\/wp\/v2\/media?parent=380345"}],"wp:term":[{"taxonomy":"category","embeddable":true,"href":"https:\/\/www.europesays.com\/fr\/wp-json\/wp\/v2\/categories?post=380345"},{"taxonomy":"post_tag","embeddable":true,"href":"https:\/\/www.europesays.com\/fr\/wp-json\/wp\/v2\/tags?post=380345"}],"curies":[{"name":"wp","href":"https:\/\/api.w.org\/{rel}","templated":true}]}}